{"id":3137,"date":"2026-04-29T17:56:49","date_gmt":"2026-04-29T20:56:49","guid":{"rendered":"https:\/\/boracultura.com.br\/?p=3137"},"modified":"2026-04-29T17:56:53","modified_gmt":"2026-04-29T20:56:53","slug":"amy-reggaehouse-desembarca-no-pelourinho-com-show-especial-e-participacao-da-banda-us-beatles","status":"publish","type":"post","link":"https:\/\/boracultura.com.br\/index.php\/2026\/04\/29\/amy-reggaehouse-desembarca-no-pelourinho-com-show-especial-e-participacao-da-banda-us-beatles\/","title":{"rendered":"Amy Reggaehouse desembarca no Pelourinho com show especial e participa\u00e7\u00e3o da banda Us Beatles"},"content":{"rendered":"\n<hr class=\"wp-block-separator has-alpha-channel-opacity\"\/>\n\n\n\n<p>No s\u00e1bado, dia 9 de maio, o Pelourinho ser\u00e1 palco de uma experi\u00eancia musical \u00fanica. O projeto Amy Reggaehouse desembarca no Largo da Tieta \u2013 agora totalmente coberto \u2013 para mostrar a for\u00e7a e a originalidade de uma das maiores artistas dessa gera\u00e7\u00e3o. A ocasi\u00e3o contar\u00e1 ainda com a participa\u00e7\u00e3o especial da Banda Us Beatles.<\/p>\n\n\n\n<p>O espet\u00e1culo levar\u00e1 ao p\u00fablico o mesmo show do audiovisual gravado em mar\u00e7o deste ano no Sesc Casa do Com\u00e9rcio, em Salvador. A apresenta\u00e7\u00e3o traz uma releitura potente e contempor\u00e2nea da obra de Amy Winehouse, com arranjos que transitam entre reggae, soul, jazz e a m\u00fasica brasileira. \u201cMais do que um show, o p\u00fablico pode esperar uma noite de conex\u00e3o, energia e emo\u00e7\u00e3o no cen\u00e1rio hist\u00f3rico do Pelourinho. Estou ansiosa para esse encontro\u201d, antecipa a cantora Clariana Fr\u00f3es.<\/p>\n\n\n\n<p>Com forte identidade art\u00edstica e reconhecimento nacional e internacional, o Amy Reggaehouse se consolidou como um dos tributos mais originais dedicados a Amy Winehouse, proporcionando uma experi\u00eancia sensorial que vai al\u00e9m do palco. A proposta recria cl\u00e1ssicos da cantora brit\u00e2nica sob uma \u00f3tica tropical e contempor\u00e2nea, valorizando a musicalidade brasileira sem perder a ess\u00eancia das can\u00e7\u00f5es originais.<\/p>\n\n\n\n<p>Nesta edi\u00e7\u00e3o especial, o projeto ganha novas camadas com a presen\u00e7a da banda Us Beatles, ampliando o di\u00e1logo musical e criando um encontro in\u00e9dito entre diferentes influ\u00eancias e gera\u00e7\u00f5es. A jun\u00e7\u00e3o promete agradar tanto os f\u00e3s do universo Winehouse quanto os apaixonados pelo repert\u00f3rio dos Beatles, em uma noite que celebra a pot\u00eancia da m\u00fasica autoral e da reinven\u00e7\u00e3o.<\/p>\n\n\n\n<p>O Largo da Tieta, com sua nova cobertura, oferece um ambiente mais confort\u00e1vel e acolhedor para o p\u00fablico, sem perder a magia do Pelourinho, um dos cart\u00f5es-postais mais emblem\u00e1ticos de Salvador. A regi\u00e3o, tombada como patrim\u00f4nio hist\u00f3rico, recebe cada vez mais projetos que aliam tradi\u00e7\u00e3o e inova\u00e7\u00e3o cultural.<br><\/p>\n\n\n\n<p><strong>SERVI\u00c7O<\/strong> <br><br><strong>Amy Reggaehouse convida banda Us Beatles<br><\/strong>Data: 9 de maio (s\u00e1bado)<br>Local: Largo da Tieta, Pelourinho \u2013 Salvador\/BA<br>Atra\u00e7\u00f5es: Amy Reggaehouse (Clariana Fr\u00f3es) e banda Us Beatles (participa\u00e7\u00e3o especial)<br>Ingressos: dispon\u00edveis na Sympla<br>Link para compra: <a href=\"https:\/\/www.sympla.com.br\/evento\/amy-reggaehouse-convida-em-salvador\/3384647\">https:\/\/www.sympla.com.br\/evento\/amy-reggaehouse-convida-em-salvador\/3384647<\/a><br>Classifica\u00e7\u00e3o et\u00e1ria: a confirmar pela produ\u00e7\u00e3o<br>Informa\u00e7\u00f5es: redes sociais do projeto e da cantora<\/p>\n\n\n\n<p>Foto: Divulga\u00e7\u00e3o<\/p>\n","protected":false},"excerpt":{"rendered":"<p>Projeto que recria obra de Amy Winehouse com reggae, soul e jazz se apresenta no Largo da Tieta em 9 de maio; ingressos est\u00e3o \u00e0 venda na Sympla.<\/p>\n","protected":false},"author":1,"featured_media":3138,"comment_status":"open","ping_status":"open","sticky":false,"template":"","format":"standard","meta":{"colormag_page_container_layout":"default_layout","colormag_page_sidebar_layout":"default_layout","footnotes":""},"categories":[45],"tags":[1830,1833,1832,1834,112,1835,804,1831],"class_list":["post-3137","post","type-post","status-publish","format-standard","has-post-thumbnail","hentry","category-musica","tag-amy-reggaehouse","tag-banda-us-beatles","tag-clariana-froes","tag-largo-da-tieta","tag-pelourinho","tag-reggae-soul-jazz","tag-show-salvador","tag-tributo-amy-winehouse"],"rttpg_featured_image_url":{"full":["https:\/\/boracultura.com.br\/wp-content\/uploads\/2026\/04\/17774960244904805266828498509660.jpg",1500,1121,false],"landscape":["https:\/\/boracultura.com.br\/wp-content\/uploads\/2026\/04\/17774960244904805266828498509660.jpg",1500,1121,false],"portraits":["https:\/\/boracultura.com.br\/wp-content\/uploads\/2026\/04\/17774960244904805266828498509660.jpg",1500,1121,false],"thumbnail":["https:\/\/boracultura.com.br\/wp-content\/uploads\/2026\/04\/17774960244904805266828498509660-150x150.jpg",150,150,true],"medium":["https:\/\/boracultura.com.br\/wp-content\/uploads\/2026\/04\/17774960244904805266828498509660-300x224.jpg",300,224,true],"large":["https:\/\/boracultura.com.br\/wp-content\/uploads\/2026\/04\/17774960244904805266828498509660-1024x765.jpg",800,598,true],"1536x1536":["https:\/\/boracultura.com.br\/wp-content\/uploads\/2026\/04\/17774960244904805266828498509660.jpg",1500,1121,false],"2048x2048":["https:\/\/boracultura.com.br\/wp-content\/uploads\/2026\/04\/17774960244904805266828498509660.jpg",1500,1121,false],"colormag-highlighted-post":["https:\/\/boracultura.com.br\/wp-content\/uploads\/2026\/04\/17774960244904805266828498509660-392x272.jpg",392,272,true],"colormag-featured-post-medium":["https:\/\/boracultura.com.br\/wp-content\/uploads\/2026\/04\/17774960244904805266828498509660-390x205.jpg",390,205,true],"colormag-featured-post-small":["https:\/\/boracultura.com.br\/wp-content\/uploads\/2026\/04\/17774960244904805266828498509660-130x90.jpg",130,90,true],"colormag-featured-image":["https:\/\/boracultura.com.br\/wp-content\/uploads\/2026\/04\/17774960244904805266828498509660-800x445.jpg",800,445,true],"colormag-default-news":["https:\/\/boracultura.com.br\/wp-content\/uploads\/2026\/04\/17774960244904805266828498509660-150x150.jpg",150,150,true],"colormag-featured-image-large":["https:\/\/boracultura.com.br\/wp-content\/uploads\/2026\/04\/17774960244904805266828498509660-1400x600.jpg",1400,600,true],"colormag-elementor-block-extra-large-thumbnail":["https:\/\/boracultura.com.br\/wp-content\/uploads\/2026\/04\/17774960244904805266828498509660-1155x480.jpg",1155,480,true],"colormag-elementor-grid-large-thumbnail":["https:\/\/boracultura.com.br\/wp-content\/uploads\/2026\/04\/17774960244904805266828498509660-600x417.jpg",600,417,true],"colormag-elementor-grid-small-thumbnail":["https:\/\/boracultura.com.br\/wp-content\/uploads\/2026\/04\/17774960244904805266828498509660-285x450.jpg",285,450,true],"colormag-elementor-grid-medium-large-thumbnail":["https:\/\/boracultura.com.br\/wp-content\/uploads\/2026\/04\/17774960244904805266828498509660-575x198.jpg",575,198,true],"psacp-medium":["https:\/\/boracultura.com.br\/wp-content\/uploads\/2026\/04\/17774960244904805266828498509660-500x500.jpg",500,500,true]},"rttpg_author":{"display_name":"boracultura@gmail.com","author_link":"https:\/\/boracultura.com.br\/index.php\/author\/boraculturagmail-com\/"},"rttpg_comment":0,"rttpg_category":"<a href=\"https:\/\/boracultura.com.br\/index.php\/category\/noticias\/musica\/\" rel=\"category tag\">M\u00fasica<\/a>","rttpg_excerpt":"Projeto que recria obra de Amy Winehouse com reggae, soul e jazz se apresenta no Largo da Tieta em 9 de maio; ingressos est\u00e3o \u00e0 venda na Sympla.","_links":{"self":[{"href":"https:\/\/boracultura.com.br\/index.php\/wp-json\/wp\/v2\/posts\/3137","targetHints":{"allow":["GET"]}}],"collection":[{"href":"https:\/\/boracultura.com.br\/index.php\/wp-json\/wp\/v2\/posts"}],"about":[{"href":"https:\/\/boracultura.com.br\/index.php\/wp-json\/wp\/v2\/types\/post"}],"author":[{"embeddable":true,"href":"https:\/\/boracultura.com.br\/index.php\/wp-json\/wp\/v2\/users\/1"}],"replies":[{"embeddable":true,"href":"https:\/\/boracultura.com.br\/index.php\/wp-json\/wp\/v2\/comments?post=3137"}],"version-history":[{"count":1,"href":"https:\/\/boracultura.com.br\/index.php\/wp-json\/wp\/v2\/posts\/3137\/revisions"}],"predecessor-version":[{"id":3139,"href":"https:\/\/boracultura.com.br\/index.php\/wp-json\/wp\/v2\/posts\/3137\/revisions\/3139"}],"wp:featuredmedia":[{"embeddable":true,"href":"https:\/\/boracultura.com.br\/index.php\/wp-json\/wp\/v2\/media\/3138"}],"wp:attachment":[{"href":"https:\/\/boracultura.com.br\/index.php\/wp-json\/wp\/v2\/media?parent=3137"}],"wp:term":[{"taxonomy":"category","embeddable":true,"href":"https:\/\/boracultura.com.br\/index.php\/wp-json\/wp\/v2\/categories?post=3137"},{"taxonomy":"post_tag","embeddable":true,"href":"https:\/\/boracultura.com.br\/index.php\/wp-json\/wp\/v2\/tags?post=3137"}],"curies":[{"name":"wp","href":"https:\/\/api.w.org\/{rel}","templated":true}]}}