{"id":3156,"date":"2026-04-30T13:41:30","date_gmt":"2026-04-30T16:41:30","guid":{"rendered":"https:\/\/boracultura.com.br\/?p=3156"},"modified":"2026-04-30T13:41:32","modified_gmt":"2026-04-30T16:41:32","slug":"ocupacao-gratuita-no-mam-bahia-oferece-cursos-de-palhacaria-percussao-cenica-e-criacao-visual","status":"publish","type":"post","link":"https:\/\/boracultura.com.br\/index.php\/2026\/04\/30\/ocupacao-gratuita-no-mam-bahia-oferece-cursos-de-palhacaria-percussao-cenica-e-criacao-visual\/","title":{"rendered":"Ocupa\u00e7\u00e3o gratuita no MAM Bahia oferece cursos de palha\u00e7aria, percuss\u00e3o c\u00eanica e cria\u00e7\u00e3o visual"},"content":{"rendered":"\n<hr class=\"wp-block-separator has-alpha-channel-opacity\"\/>\n\n\n\n<p>Est\u00e3o abertas at\u00e9<strong> 14 de maio as inscri\u00e7\u00f5es<\/strong> para os cursos gratuitos do projeto \u201cOcupa\u00e7\u00e3o \u2013 Nossa, que palha\u00e7ada!\u201d, que acontece de 16 de maio a 14 de junho no Museu de Arte Moderna da Bahia (MAM), em Salvador. A iniciativa prop\u00f5e uma imers\u00e3o no universo da palha\u00e7aria por meio de tr\u00eas forma\u00e7\u00f5es presenciais conduzidas pelos artistas Jo\u00e3o Lima e Jaine Brito.<\/p>\n\n\n\n<p>Voltadas para iniciantes e tamb\u00e9m para quem deseja aprofundar sua pr\u00e1tica art\u00edstica, os cursos oferecem uma experi\u00eancia completa de cria\u00e7\u00e3o, express\u00e3o e desenvolvimento de linguagem c\u00eanica. Ao final do processo, todos integram uma apresenta\u00e7\u00e3o aberta ao p\u00fablico como parte da programa\u00e7\u00e3o da ocupa\u00e7\u00e3o. As forma\u00e7\u00f5es oferecem certificado e as vagas s\u00e3o limitadas.<\/p>\n\n\n\n<p>O curso <strong>\u201cA Arte de Ser Palha\u00e7o\u201d,<\/strong> com carga hor\u00e1ria de 32 horas, acontece aos s\u00e1bados e domingos entre os dias 16 de maio e 7 de junho, em hor\u00e1rios alternados. A proposta \u00e9 apresentar aos participantes as t\u00e9cnicas da palha\u00e7aria, com foco na constru\u00e7\u00e3o do palha\u00e7o, comicidade e improvisa\u00e7\u00e3o.<\/p>\n\n\n\n<p>J\u00e1 o curso <strong>\u201cPercuss\u00e3o C\u00eanica \u2013 Musicalidade na Palha\u00e7aria\u201d,<\/strong> com 16 horas de dura\u00e7\u00e3o, ser\u00e1 realizado \u00e0s sextas-feiras, de 22 de maio a 5 de junho, das 14h \u00e0s 18h. A viv\u00eancia musical aplicada \u00e0 cena inclui ritmos como bai\u00e3o, xote, samba e ijex\u00e1, utilizando instrumentos como zabumba, tri\u00e2ngulo, tamborim e agog\u00f4.<\/p>\n\n\n\n<p>Complementando a forma\u00e7\u00e3o, o curso <strong>\u201cO Visual do meu Palha\u00e7o\u201d<\/strong>, tamb\u00e9m com 16 horas, acontece aos s\u00e1bados e domingos, de 23 de maio a 6 de junho. O curso aborda a cria\u00e7\u00e3o est\u00e9tica do personagem, incluindo maquiagem, figurino e adere\u00e7os, culminando na caracteriza\u00e7\u00e3o completa dos participantes.<\/p>\n\n\n\n<p>Com mais de 20 anos de atua\u00e7\u00e3o como ator e palha\u00e7o, Jo\u00e3o Lima j\u00e1 dirigiu diversos espet\u00e1culos teatrais e circenses premiados, incluindo montagens reconhecidas pelo Pr\u00eamio Braskem de Teatro, como \u201cO Sapato do meu Tio\u201d. Como o palha\u00e7o Tiziu, protagonizou obras como \u201cO Circo de Um Homem S\u00f3\u201d e \u201cTiziu \u2013 O Palha\u00e7o Gri\u00f4\u201d. \u00c9 fundador do grupo ViaPalco, do N\u00facleo Circo \u00danico e atualmente preside a Cooperativa Baiana de Teatro.<\/p>\n\n\n\n<p>Atriz, produtora cultural e palha\u00e7a, Jaine Brito tem trajet\u00f3ria marcada por atua\u00e7\u00f5es em teatro, dan\u00e7a e circo. Participou de espet\u00e1culos como \u201cO Avarento\u201d, \u201cO Ret\u00e1bulo das Maravilhas\u201d e \u201cCirco Cirquim Tiziu e Alecrim\u201d. Como produtora, esteve \u00e0 frente de projetos culturais relevantes contemplados por editais da FUNCEB.<\/p>\n\n\n\n<p><strong>Os interessados podem se inscrever em mais de um curso.<\/strong> As vagas s\u00e3o destinadas a maiores de 18 anos. O resultado da sele\u00e7\u00e3o ser\u00e1 divulgado entre os dias 13 e 15 de maio, por e-mail, telefone ou WhatsApp. O projeto foi contemplado no edital de Programas de Resid\u00eancias e Ocupa\u00e7\u00f5es Art\u00edsticas nos Museus do IPAC, com apoio financeiro do Governo do Estado da Bahia, por meio do Instituto do Patrim\u00f4nio Art\u00edstico e Cultural da Bahia (IPAC), unidade vinculada \u00e0 Secretaria de Cultura do Estado.<\/p>\n\n\n\n<p><strong>SERVI\u00c7O<\/strong><\/p>\n\n\n\n<p>Ocupa\u00e7\u00e3o \u2013 Nossa, que palha\u00e7ada!<\/p>\n\n\n\n<p>Inscri\u00e7\u00f5es gratuitas: at\u00e9 14 de maio<br>Per\u00edodo dos cursos: 16 de maio a 14 de junho<br>Local: Museu de Arte Moderna da Bahia (MAM) \u2013 Av. Lafayete Coutinho, s\/n \u2013 Com\u00e9rcio, Salvador\/BA<br>Quem pode participar: pessoas a partir de 18 anos (iniciantes ou com experi\u00eancia)<br>Facilitadores: Jo\u00e3o Lima e Jaine Brito<br>Inscri\u00e7\u00f5es:<a href=\" https:\/\/forms.gle\/KQRXtTjHuzWSuEYr8\"> https:\/\/forms.gle\/KQRXtTjHuzWSuEYr8<\/a><br>Mais informa\u00e7\u00f5es: instagram.com\/festivalnossaquepalhacada | chamafilipeproducoes@gmail.com<\/p>\n\n\n\n<p><strong>Cursos:<\/strong><\/p>\n\n\n\n<p>A Arte de Ser Palha\u00e7o \u2013 32h<br>S\u00e1bados e domingos, de 16 de maio a 7 de junho (hor\u00e1rios alternados)<\/p>\n\n\n\n<p>Percuss\u00e3o C\u00eanica \u2013 Musicalidade na Palha\u00e7aria \u2013 16h<br>Sextas-feiras, de 22 de maio a 5 de junho, das 14h \u00e0s 18h<\/p>\n\n\n\n<p>O Visual do meu Palha\u00e7o \u2013 16h<br>S\u00e1bados e domingos, de 23 de maio a 6 de junho<\/p>\n\n\n\n<hr class=\"wp-block-separator has-alpha-channel-opacity\"\/>\n\n\n\n<p>Sugest\u00f5es de categoria: Teatro \/ Circo \/ Cultura \/ Oficinas<\/p>\n","protected":false},"excerpt":{"rendered":"<p>Projeto \u201cNossa, que Palha\u00e7ada!\u201d inscreve at\u00e9 14 de maio para forma\u00e7\u00f5es com Jo\u00e3o Lima e Jaine Brito; ao final, alunos integram apresenta\u00e7\u00e3o aberta ao p\u00fablico.<\/p>\n","protected":false},"author":1,"featured_media":3157,"comment_status":"open","ping_status":"open","sticky":false,"template":"","format":"standard","meta":{"colormag_page_container_layout":"default_layout","colormag_page_sidebar_layout":"default_layout","footnotes":""},"categories":[16],"tags":[1847,1851,1852,1849,1848,1846,1591,1850,1001],"class_list":["post-3156","post","type-post","status-publish","format-standard","has-post-thumbnail","hentry","category-cursos","tag-curso-de-palhaco-gratuito","tag-formacao-artistica-salvador","tag-ipac","tag-jaine-brito","tag-joao-lima","tag-ocupacao-cultural-mam","tag-palhacaria","tag-percussao-cenica","tag-teatro-e-circo"],"rttpg_featured_image_url":{"full":["https:\/\/boracultura.com.br\/wp-content\/uploads\/2026\/04\/17775672624264280779967077974386.jpg",1280,853,false],"landscape":["https:\/\/boracultura.com.br\/wp-content\/uploads\/2026\/04\/17775672624264280779967077974386.jpg",1280,853,false],"portraits":["https:\/\/boracultura.com.br\/wp-content\/uploads\/2026\/04\/17775672624264280779967077974386.jpg",1280,853,false],"thumbnail":["https:\/\/boracultura.com.br\/wp-content\/uploads\/2026\/04\/17775672624264280779967077974386-150x150.jpg",150,150,true],"medium":["https:\/\/boracultura.com.br\/wp-content\/uploads\/2026\/04\/17775672624264280779967077974386-300x200.jpg",300,200,true],"large":["https:\/\/boracultura.com.br\/wp-content\/uploads\/2026\/04\/17775672624264280779967077974386-1024x682.jpg",800,533,true],"1536x1536":["https:\/\/boracultura.com.br\/wp-content\/uploads\/2026\/04\/17775672624264280779967077974386.jpg",1280,853,false],"2048x2048":["https:\/\/boracultura.com.br\/wp-content\/uploads\/2026\/04\/17775672624264280779967077974386.jpg",1280,853,false],"colormag-highlighted-post":["https:\/\/boracultura.com.br\/wp-content\/uploads\/2026\/04\/17775672624264280779967077974386-392x272.jpg",392,272,true],"colormag-featured-post-medium":["https:\/\/boracultura.com.br\/wp-content\/uploads\/2026\/04\/17775672624264280779967077974386-390x205.jpg",390,205,true],"colormag-featured-post-small":["https:\/\/boracultura.com.br\/wp-content\/uploads\/2026\/04\/17775672624264280779967077974386-130x90.jpg",130,90,true],"colormag-featured-image":["https:\/\/boracultura.com.br\/wp-content\/uploads\/2026\/04\/17775672624264280779967077974386-800x445.jpg",800,445,true],"colormag-default-news":["https:\/\/boracultura.com.br\/wp-content\/uploads\/2026\/04\/17775672624264280779967077974386-150x150.jpg",150,150,true],"colormag-featured-image-large":["https:\/\/boracultura.com.br\/wp-content\/uploads\/2026\/04\/17775672624264280779967077974386-1280x600.jpg",1280,600,true],"colormag-elementor-block-extra-large-thumbnail":["https:\/\/boracultura.com.br\/wp-content\/uploads\/2026\/04\/17775672624264280779967077974386-1155x480.jpg",1155,480,true],"colormag-elementor-grid-large-thumbnail":["https:\/\/boracultura.com.br\/wp-content\/uploads\/2026\/04\/17775672624264280779967077974386-600x417.jpg",600,417,true],"colormag-elementor-grid-small-thumbnail":["https:\/\/boracultura.com.br\/wp-content\/uploads\/2026\/04\/17775672624264280779967077974386-285x450.jpg",285,450,true],"colormag-elementor-grid-medium-large-thumbnail":["https:\/\/boracultura.com.br\/wp-content\/uploads\/2026\/04\/17775672624264280779967077974386-575x198.jpg",575,198,true],"psacp-medium":["https:\/\/boracultura.com.br\/wp-content\/uploads\/2026\/04\/17775672624264280779967077974386-500x500.jpg",500,500,true]},"rttpg_author":{"display_name":"boracultura@gmail.com","author_link":"https:\/\/boracultura.com.br\/index.php\/author\/boraculturagmail-com\/"},"rttpg_comment":0,"rttpg_category":"<a href=\"https:\/\/boracultura.com.br\/index.php\/category\/cursos\/\" rel=\"category tag\">Cursos<\/a>","rttpg_excerpt":"Projeto \u201cNossa, que Palha\u00e7ada!\u201d inscreve at\u00e9 14 de maio para forma\u00e7\u00f5es com Jo\u00e3o Lima e Jaine Brito; ao final, alunos integram apresenta\u00e7\u00e3o aberta ao p\u00fablico.","_links":{"self":[{"href":"https:\/\/boracultura.com.br\/index.php\/wp-json\/wp\/v2\/posts\/3156","targetHints":{"allow":["GET"]}}],"collection":[{"href":"https:\/\/boracultura.com.br\/index.php\/wp-json\/wp\/v2\/posts"}],"about":[{"href":"https:\/\/boracultura.com.br\/index.php\/wp-json\/wp\/v2\/types\/post"}],"author":[{"embeddable":true,"href":"https:\/\/boracultura.com.br\/index.php\/wp-json\/wp\/v2\/users\/1"}],"replies":[{"embeddable":true,"href":"https:\/\/boracultura.com.br\/index.php\/wp-json\/wp\/v2\/comments?post=3156"}],"version-history":[{"count":1,"href":"https:\/\/boracultura.com.br\/index.php\/wp-json\/wp\/v2\/posts\/3156\/revisions"}],"predecessor-version":[{"id":3158,"href":"https:\/\/boracultura.com.br\/index.php\/wp-json\/wp\/v2\/posts\/3156\/revisions\/3158"}],"wp:featuredmedia":[{"embeddable":true,"href":"https:\/\/boracultura.com.br\/index.php\/wp-json\/wp\/v2\/media\/3157"}],"wp:attachment":[{"href":"https:\/\/boracultura.com.br\/index.php\/wp-json\/wp\/v2\/media?parent=3156"}],"wp:term":[{"taxonomy":"category","embeddable":true,"href":"https:\/\/boracultura.com.br\/index.php\/wp-json\/wp\/v2\/categories?post=3156"},{"taxonomy":"post_tag","embeddable":true,"href":"https:\/\/boracultura.com.br\/index.php\/wp-json\/wp\/v2\/tags?post=3156"}],"curies":[{"name":"wp","href":"https:\/\/api.w.org\/{rel}","templated":true}]}}