{"id":3172,"date":"2026-05-01T19:07:07","date_gmt":"2026-05-01T22:07:07","guid":{"rendered":"https:\/\/boracultura.com.br\/?p=3172"},"modified":"2026-05-01T19:07:13","modified_gmt":"2026-05-01T22:07:13","slug":"grupo-botequim-maira-lins-fragmentos-do-samba-salvador-maio","status":"publish","type":"post","link":"https:\/\/boracultura.com.br\/index.php\/2026\/05\/01\/grupo-botequim-maira-lins-fragmentos-do-samba-salvador-maio\/","title":{"rendered":"Grupo Botequim recebe Maira Lins e Fragmentos do Samba em roda no Santo Ant\u00f4nio Al\u00e9m do Carmo"},"content":{"rendered":"\n<p>Projeto mensal do grupo re\u00fane diferentes gera\u00e7\u00f5es do samba em Salvador e antecipa celebra\u00e7\u00e3o pelos 20 anos de trajet\u00f3ria.<\/p>\n\n\n\n<p>Mantendo viva a tradi\u00e7\u00e3o das rodas de samba em Salvador, o Grupo Botequim realiza, no dia 8 de maio, mais uma edi\u00e7\u00e3o do seu encontro mensal no P\u00e1tio da Igreja do Santo Ant\u00f4nio Al\u00e9m do Carmo. A partir das 21h, o grupo recebe a cantora Maira Lins e o coletivo Fragmentos do Samba, em uma noite que conecta diferentes linguagens e gera\u00e7\u00f5es do g\u00eanero, reafirmando o espa\u00e7o como um dos principais pontos de resist\u00eancia e celebra\u00e7\u00e3o do samba na cidade.<\/p>\n\n\n\n<p>&#8220;Vamos receber Maira Lins, uma grande cantora que j\u00e1 participou com a gente e com quem agora retomamos esse encontro. Tamb\u00e9m teremos o Fragmentos do Samba, representado por Vieira e Baddel, dois compositores da nova gera\u00e7\u00e3o que v\u00eam desenvolvendo um trabalho forte na cidade. \u00c9 uma honra dividir a roda com esses artistas em mais uma edi\u00e7\u00e3o, ainda mais nesse momento em que seguimos firmes na caminhada rumo aos 20 anos do Botequim&#8221;, comenta Roberto Ribeiro, fundador e cavaquinista do Botequim.<\/p>\n\n\n\n<p>Cantora, compositora e atriz, Maira Lins traz uma carreira marcada pela diversidade de linguagens e pela forte conex\u00e3o com o samba como matriz de sua forma\u00e7\u00e3o art\u00edstica. Com passagens por projetos como o Coral Vozes Reveladas, do Maestro S\u00e9rgio Souto, iniciativas autorais como o microtrio &#8220;Boteco El\u00e9trico&#8221; e experi\u00eancia em carnaval de rua, como cantora e puxadora de cortejo, a artista construiu um percurso que transita entre a m\u00fasica, o teatro e tamb\u00e9m trabalhos dedicados ao p\u00fablico infantil, como o espet\u00e1culo musical &#8220;A Mulher que Matou os Peixes&#8221;, baseado na obra de Clarice Lispector.<\/p>\n\n\n\n<p>J\u00e1 a banda Fragmentos do Samba chega com uma proposta contempor\u00e2nea que expande os limites do g\u00eanero ao conect\u00e1-lo com outras vertentes da m\u00fasica preta, como rap, reggae, ijex\u00e1, trap e pagod\u00e3o. Formado por Baddel, Davi Andrade, Vieira, \u00c1gatha e Tony Santos, o grupo aposta em uma sonoridade h\u00edbrida, que une a base tradicional do samba a samples, beats, e novas texturas eletr\u00f4nicas. A participa\u00e7\u00e3o do coletivo, que ir\u00e1 lan\u00e7ar, at\u00e9 o final de maio, seu primeiro disco &#8220;Samba pro povo&#8221;, promete imprimir \u00e0 roda uma energia de experimenta\u00e7\u00e3o e renova\u00e7\u00e3o, reafirmando o samba como linguagem viva e em constante transforma\u00e7\u00e3o.<\/p>\n\n\n\n<p>O espa\u00e7o se firma como territ\u00f3rio de celebra\u00e7\u00e3o coletiva, onde tradi\u00e7\u00e3o e contemporaneidade se conectam. Em meio aos desafios de sustentar um trabalho independente e cont\u00ednuo, o Grupo Botequim refor\u00e7a sua atua\u00e7\u00e3o como um dos principais guardi\u00f5es do samba em Salvador. As pr\u00f3ximas edi\u00e7\u00f5es do projeto mensal j\u00e1 apontam para o aquecimento dos 20 anos do grupo, marco de uma trajet\u00f3ria consistente e comprometida com o samba e suas ra\u00edzes.&nbsp;<\/p>\n\n\n\n<p><strong>GRUPO BOTEQUIM \u2013<\/strong> Ao longo de duas d\u00e9cadas, o Botequim construiu uma rela\u00e7\u00e3o s\u00f3lida e afetiva com o p\u00fablico soteropolitano, a partir da sua roda que j\u00e1 faz parte da agenda cultural da cidade, realizada todo m\u00eas, no P\u00e1tio da Igreja do Santo Ant\u00f4nio Al\u00e9m do Carmo. Essa tradi\u00e7\u00e3o consolidou o grupo como uma das principais refer\u00eancias do samba local e reafirma a valoriza\u00e7\u00e3o da cultura popular.<\/p>\n\n\n\n<p>O grupo \u00e9 formado por Roberto Ribeiro (cavaquinho e voz), Washington Rodrigues (viol\u00e3o e voz), Tito Fukunaga (flauta e percuss\u00e3o), Bolota (percuss\u00e3o), Lal\u00e1 Evangelista (percuss\u00e3o) e Brinquedo (surdo).<\/p>\n\n\n\n<p><strong>SERVI\u00c7O<\/strong><br><strong>Roda de Samba de Maio &#8211; Grupo Botequim<\/strong><br><strong>Convidados: <\/strong>Maira Lins e Fragmentos do Samba<br><strong>Local:<\/strong> P\u00e1tio da Igreja do Santo Ant\u00f4nio Al\u00e9m do Carmo<br><strong>Data:<\/strong> 08\/05 (sexta-feira)<br><strong>Hor\u00e1rio:<\/strong> 21h | Abertura da casa \u00e0s 20h<br><strong>Ingressos:<\/strong> <a href=\"https:\/\/www.sympla.com.br\/evento\/roda-de-samba-do-grupo-botequim-edicao-de-maio\/3390412\" target=\"_blank\" rel=\"noreferrer noopener\">https:\/\/www.sympla.com.br\/evento\/roda-de-samba-do-grupo-botequim-edicao-de-maio\/3390412<\/a>\u00a0<\/p>\n\n\n\n<p><strong>Maira Lins (Foto: Divulga\u00e7\u00e3o) | Fragmentos do Samba (Foto: Divulga\u00e7\u00e3o) | Grupo Botequim (Foto: Daniel Pita)<\/strong><\/p>\n","protected":false},"excerpt":{"rendered":"<p>O Grupo Botequim realiza mais uma edi\u00e7\u00e3o de sua tradicional roda de samba no dia 8 de maio, \u00e0s 21h, no P\u00e1tio da Igreja do Santo Ant\u00f4nio Al\u00e9m do Carmo, em Salvador. A noite conta com participa\u00e7\u00f5es da cantora Maira Lins e do coletivo Fragmentos do Samba, que traz uma abordagem contempor\u00e2nea ao g\u00eanero.<\/p>\n","protected":false},"author":1,"featured_media":3173,"comment_status":"open","ping_status":"open","sticky":false,"template":"","format":"standard","meta":{"colormag_page_container_layout":"default_layout","colormag_page_sidebar_layout":"default_layout","footnotes":""},"categories":[45],"tags":[],"class_list":["post-3172","post","type-post","status-publish","format-standard","has-post-thumbnail","hentry","category-musica"],"rttpg_featured_image_url":{"full":["https:\/\/boracultura.com.br\/wp-content\/uploads\/2026\/05\/Grupo-Botequim-08-de-Maio.png",1889,1039,false],"landscape":["https:\/\/boracultura.com.br\/wp-content\/uploads\/2026\/05\/Grupo-Botequim-08-de-Maio.png",1889,1039,false],"portraits":["https:\/\/boracultura.com.br\/wp-content\/uploads\/2026\/05\/Grupo-Botequim-08-de-Maio.png",1889,1039,false],"thumbnail":["https:\/\/boracultura.com.br\/wp-content\/uploads\/2026\/05\/Grupo-Botequim-08-de-Maio-150x150.png",150,150,true],"medium":["https:\/\/boracultura.com.br\/wp-content\/uploads\/2026\/05\/Grupo-Botequim-08-de-Maio-300x165.png",300,165,true],"large":["https:\/\/boracultura.com.br\/wp-content\/uploads\/2026\/05\/Grupo-Botequim-08-de-Maio-1024x563.png",800,440,true],"1536x1536":["https:\/\/boracultura.com.br\/wp-content\/uploads\/2026\/05\/Grupo-Botequim-08-de-Maio-1536x845.png",1536,845,true],"2048x2048":["https:\/\/boracultura.com.br\/wp-content\/uploads\/2026\/05\/Grupo-Botequim-08-de-Maio.png",1889,1039,false],"colormag-highlighted-post":["https:\/\/boracultura.com.br\/wp-content\/uploads\/2026\/05\/Grupo-Botequim-08-de-Maio-392x272.png",392,272,true],"colormag-featured-post-medium":["https:\/\/boracultura.com.br\/wp-content\/uploads\/2026\/05\/Grupo-Botequim-08-de-Maio-390x205.png",390,205,true],"colormag-featured-post-small":["https:\/\/boracultura.com.br\/wp-content\/uploads\/2026\/05\/Grupo-Botequim-08-de-Maio-130x90.png",130,90,true],"colormag-featured-image":["https:\/\/boracultura.com.br\/wp-content\/uploads\/2026\/05\/Grupo-Botequim-08-de-Maio-800x445.png",800,445,true],"colormag-default-news":["https:\/\/boracultura.com.br\/wp-content\/uploads\/2026\/05\/Grupo-Botequim-08-de-Maio-150x150.png",150,150,true],"colormag-featured-image-large":["https:\/\/boracultura.com.br\/wp-content\/uploads\/2026\/05\/Grupo-Botequim-08-de-Maio-1400x600.png",1400,600,true],"colormag-elementor-block-extra-large-thumbnail":["https:\/\/boracultura.com.br\/wp-content\/uploads\/2026\/05\/Grupo-Botequim-08-de-Maio-1155x480.png",1155,480,true],"colormag-elementor-grid-large-thumbnail":["https:\/\/boracultura.com.br\/wp-content\/uploads\/2026\/05\/Grupo-Botequim-08-de-Maio-600x417.png",600,417,true],"colormag-elementor-grid-small-thumbnail":["https:\/\/boracultura.com.br\/wp-content\/uploads\/2026\/05\/Grupo-Botequim-08-de-Maio-285x450.png",285,450,true],"colormag-elementor-grid-medium-large-thumbnail":["https:\/\/boracultura.com.br\/wp-content\/uploads\/2026\/05\/Grupo-Botequim-08-de-Maio-575x198.png",575,198,true],"psacp-medium":["https:\/\/boracultura.com.br\/wp-content\/uploads\/2026\/05\/Grupo-Botequim-08-de-Maio-500x500.png",500,500,true]},"rttpg_author":{"display_name":"boracultura@gmail.com","author_link":"https:\/\/boracultura.com.br\/index.php\/author\/boraculturagmail-com\/"},"rttpg_comment":0,"rttpg_category":"<a href=\"https:\/\/boracultura.com.br\/index.php\/category\/noticias\/musica\/\" rel=\"category tag\">M\u00fasica<\/a>","rttpg_excerpt":"O Grupo Botequim realiza mais uma edi\u00e7\u00e3o de sua tradicional roda de samba no dia 8 de maio, \u00e0s 21h, no P\u00e1tio da Igreja do Santo Ant\u00f4nio Al\u00e9m do Carmo, em Salvador. A noite conta com participa\u00e7\u00f5es da cantora Maira Lins e do coletivo Fragmentos do Samba, que traz uma abordagem contempor\u00e2nea ao g\u00eanero.","_links":{"self":[{"href":"https:\/\/boracultura.com.br\/index.php\/wp-json\/wp\/v2\/posts\/3172","targetHints":{"allow":["GET"]}}],"collection":[{"href":"https:\/\/boracultura.com.br\/index.php\/wp-json\/wp\/v2\/posts"}],"about":[{"href":"https:\/\/boracultura.com.br\/index.php\/wp-json\/wp\/v2\/types\/post"}],"author":[{"embeddable":true,"href":"https:\/\/boracultura.com.br\/index.php\/wp-json\/wp\/v2\/users\/1"}],"replies":[{"embeddable":true,"href":"https:\/\/boracultura.com.br\/index.php\/wp-json\/wp\/v2\/comments?post=3172"}],"version-history":[{"count":1,"href":"https:\/\/boracultura.com.br\/index.php\/wp-json\/wp\/v2\/posts\/3172\/revisions"}],"predecessor-version":[{"id":3174,"href":"https:\/\/boracultura.com.br\/index.php\/wp-json\/wp\/v2\/posts\/3172\/revisions\/3174"}],"wp:featuredmedia":[{"embeddable":true,"href":"https:\/\/boracultura.com.br\/index.php\/wp-json\/wp\/v2\/media\/3173"}],"wp:attachment":[{"href":"https:\/\/boracultura.com.br\/index.php\/wp-json\/wp\/v2\/media?parent=3172"}],"wp:term":[{"taxonomy":"category","embeddable":true,"href":"https:\/\/boracultura.com.br\/index.php\/wp-json\/wp\/v2\/categories?post=3172"},{"taxonomy":"post_tag","embeddable":true,"href":"https:\/\/boracultura.com.br\/index.php\/wp-json\/wp\/v2\/tags?post=3172"}],"curies":[{"name":"wp","href":"https:\/\/api.w.org\/{rel}","templated":true}]}}