{"id":3178,"date":"2026-05-02T10:32:59","date_gmt":"2026-05-02T13:32:59","guid":{"rendered":"https:\/\/boracultura.com.br\/?p=3178"},"modified":"2026-05-02T14:09:43","modified_gmt":"2026-05-02T17:09:43","slug":"barra-kids-shopping-barra-salvador-programacao-infantil-maio","status":"publish","type":"post","link":"https:\/\/boracultura.com.br\/index.php\/2026\/05\/02\/barra-kids-shopping-barra-salvador-programacao-infantil-maio\/","title":{"rendered":"Barra Kids leva cultura, arte e divers\u00e3o para crian\u00e7as no Shopping Barra durante o feriado"},"content":{"rendered":"\n<p><strong>Programa\u00e7\u00e3o gratuita re\u00fane m\u00fasica, teatro, oficinas e conta\u00e7\u00e3o de hist\u00f3rias no Shopping Barra durante o feriado de maio<\/strong><\/p>\n\n\n\n<p>Com uma programa\u00e7\u00e3o voltada para estimular a criatividade e o contato com a arte desde a inf\u00e2ncia, o <strong>Shopping Barra<\/strong> realiza, entre os dias <strong>2 e 10 de maio<\/strong>, a <strong>primeira edi\u00e7\u00e3o do Barra Kids<\/strong>. O evento gratuito ocupa a Pra\u00e7a Central com uma agenda diversa que inclui m\u00fasica, teatro, dan\u00e7a, oficinas e conta\u00e7\u00e3o de hist\u00f3rias, reunindo artistas e projetos que dialogam com o universo infantil e promovem experi\u00eancias l\u00fadicas para toda a fam\u00edlia.<\/p>\n\n\n\n<p>A programa\u00e7\u00e3o come\u00e7a neste fim de semana, com\u00a0<strong>Musiclauns,<\/strong>\u00a0no s\u00e1bado (02), entre 17h e 18h30, que promete uma tarde contagiante com o espet\u00e1culo &#8220;Desconcerto&#8221;. No domingo (03), tem show de brincadeiras e dan\u00e7as cheias de criatividade com\u00a0<strong>Tio Paulinho<\/strong>, tamb\u00e9m \u00e0s 17h.<\/p>\n\n\n\n<figure class=\"wp-block-image size-large\"><img fetchpriority=\"high\" decoding=\"async\" width=\"1024\" height=\"422\" src=\"https:\/\/boracultura.com.br\/wp-content\/uploads\/2026\/05\/Barra-Kids-com-Tio-Paulinho-e-Musicaclauns-1024x422.png\" alt=\"\" class=\"wp-image-3179\" srcset=\"https:\/\/boracultura.com.br\/wp-content\/uploads\/2026\/05\/Barra-Kids-com-Tio-Paulinho-e-Musicaclauns-1024x422.png 1024w, https:\/\/boracultura.com.br\/wp-content\/uploads\/2026\/05\/Barra-Kids-com-Tio-Paulinho-e-Musicaclauns-300x124.png 300w, https:\/\/boracultura.com.br\/wp-content\/uploads\/2026\/05\/Barra-Kids-com-Tio-Paulinho-e-Musicaclauns-768x317.png 768w, https:\/\/boracultura.com.br\/wp-content\/uploads\/2026\/05\/Barra-Kids-com-Tio-Paulinho-e-Musicaclauns-1536x634.png 1536w, https:\/\/boracultura.com.br\/wp-content\/uploads\/2026\/05\/Barra-Kids-com-Tio-Paulinho-e-Musicaclauns.png 1692w\" sizes=\"(max-width: 1024px) 100vw, 1024px\" \/><figcaption class=\"wp-element-caption\">Imagem divulga\u00e7\u00e3o do Barrakids com as atra\u00e7\u00f5es Musiclauns e Tio Paulinho<\/figcaption><\/figure>\n\n\n\n<p><br><strong>Barra Kids come\u00e7a com espet\u00e1culo do Musiclauns, no s\u00e1bado (02); e Tio Paulinho, no domingo (03). Imagens: Musiclaus; Tio Paulinho.<\/strong><\/p>\n\n\n\n<p>A semana come\u00e7a com&nbsp;<strong>Chegan\u00e7a Atelier Cultural<\/strong>, na segunda-feira (04), \u00e0s 17h, com o projeto&nbsp;<em>Viagem Liter\u00e1ria<\/em>, que leva para o p\u00fablico a hist\u00f3ria &#8220;Zana e o Baob\u00e1&#8221;, narrada por Ana Tereza Mendes e Manu Santiago. A ter\u00e7a-feira (05), entre 17h e 19h, \u00e9 dia de muita conta\u00e7\u00e3o de hist\u00f3rias inspiradas na cultura ind\u00edgena, com&nbsp;<strong>Nairzinha<\/strong>; e com a escritora baiana&nbsp;<strong>Denise Vaz Bela,<\/strong>&nbsp;apresentando seu novo livro &#8220;Os Monstros das Emo\u00e7\u00f5es de Kitty&#8221;, que estimula a imagina\u00e7\u00e3o, o reconhecimento e entendimento das m\u00faltiplas emo\u00e7\u00f5es, como medo, alegria, nostalgia, tristeza, coragem, que mexem com a cabecinha dos pequenos leitores.<\/p>\n\n\n\n<figure class=\"wp-block-image size-full\"><img decoding=\"async\" width=\"683\" height=\"1024\" src=\"https:\/\/boracultura.com.br\/wp-content\/uploads\/2026\/05\/VIAGEM-LITERARIA-CHEGANCA-ATELIE-CULTURAL.png\" alt=\"\" class=\"wp-image-3181\" srcset=\"https:\/\/boracultura.com.br\/wp-content\/uploads\/2026\/05\/VIAGEM-LITERARIA-CHEGANCA-ATELIE-CULTURAL.png 683w, https:\/\/boracultura.com.br\/wp-content\/uploads\/2026\/05\/VIAGEM-LITERARIA-CHEGANCA-ATELIE-CULTURAL-200x300.png 200w\" sizes=\"(max-width: 683px) 100vw, 683px\" \/><figcaption class=\"wp-element-caption\">Imagem Divulga\u00e7\u00e3o<\/figcaption><\/figure>\n\n\n\n<p><br><strong>Chegan\u00e7a Atelier Cultura, segunda-feira (04). Imagem: Chegan\u00e7a Atelier Cultural.<\/strong><\/p>\n\n\n\n<p>Quarta-feira (06), \u00e0s 17h, tem mais\u00a0<strong>Musiclauns\u00a0<\/strong>com seu show de palha\u00e7aria, risadas e repert\u00f3rio diversificado, como bai\u00e3o, rock&#8217;n&#8217;roll, valsa, jazz e m\u00fasica circense. Na quinta-feira (07), \u00e0s 17h, a Pra\u00e7a Central se transforma em um grande palco para uma aula p\u00fablica imperd\u00edvel de\u00a0<em>K-Pop<\/em>, promovida pelo<strong>\u00a0Studio A,<\/strong>\u00a0com<strong>\u00a0encontro exclusivo de\u00a0<em>Armys,<\/em><\/strong>\u00a0f\u00e3-clube oficial do grupo musical sul-coreano BTS. Sexta-feira (08), a temporada do Barra Kids continua, \u00e0s 17h, com o grupo\u00a0<strong>Cantarolou\u00a0<\/strong>e seu espet\u00e1culo &#8220;Voos brincantes&#8221;, reunindo conta\u00e7\u00e3o de hist\u00f3rias, jogos musicais com repert\u00f3rio autoral, interatividade e brincadeiras livres.<\/p>\n\n\n\n<p>J\u00e1 no clima do Dia das M\u00e3es, tem o grupo&nbsp;<strong>Stripulia&nbsp;<\/strong>e seu espet\u00e1culo &#8220;A Loja de Brinquedos&#8221;, no s\u00e1bado (09), \u00e0s 17h. A companhia de teatro infantil apresenta espet\u00e1culo musical repleto de ludicidade e est\u00edmulo \u00e0 imagina\u00e7\u00e3o. E para festejar muito em fam\u00edlia, Barra Kids fecha a agenda especial, no domingo (10), \u00e0s 17h, com o grupo&nbsp;<strong>Canela Fina<\/strong>, que une educa\u00e7\u00e3o e m\u00fasica para estimular o desenvolvimento infantil. Sem d\u00favida, uma semana cheia de experi\u00eancias perfeitas para colecionar mem\u00f3rias afetivas.<\/p>\n\n\n\n<figure class=\"wp-block-image size-large\"><img decoding=\"async\" width=\"819\" height=\"1024\" src=\"https:\/\/boracultura.com.br\/wp-content\/uploads\/2026\/05\/INSTA_FEED-2-819x1024.jpg\" alt=\"\" class=\"wp-image-3180\" srcset=\"https:\/\/boracultura.com.br\/wp-content\/uploads\/2026\/05\/INSTA_FEED-2-819x1024.jpg 819w, https:\/\/boracultura.com.br\/wp-content\/uploads\/2026\/05\/INSTA_FEED-2-240x300.jpg 240w, https:\/\/boracultura.com.br\/wp-content\/uploads\/2026\/05\/INSTA_FEED-2-768x960.jpg 768w, https:\/\/boracultura.com.br\/wp-content\/uploads\/2026\/05\/INSTA_FEED-2-1229x1536.jpg 1229w, https:\/\/boracultura.com.br\/wp-content\/uploads\/2026\/05\/INSTA_FEED-2-1638x2048.jpg 1638w, https:\/\/boracultura.com.br\/wp-content\/uploads\/2026\/05\/INSTA_FEED-2-scaled.jpg 2048w\" sizes=\"(max-width: 819px) 100vw, 819px\" \/><figcaption class=\"wp-element-caption\">Imagem Divulga\u00e7\u00e3o<\/figcaption><\/figure>\n\n\n\n<p><strong>SERVI\u00c7O<\/strong><br><strong>Barra Kids<\/strong><br><strong>Quando:&nbsp;<\/strong>02 a 10 de maio<br><strong>Onde:&nbsp;<\/strong>Pra\u00e7a Central (Piso L1), Shopping Barra.<br><strong>Acesso gratuito.<\/strong><\/p>\n\n\n\n<p><strong>Confira abaixo a programa\u00e7\u00e3o completa:<\/strong><\/p>\n\n\n\n<p><strong><u>S\u00e1bado, 02 de maio<\/u><\/strong><br><strong>17h \u00e0s 18h30 &#8211;\u00a0<\/strong>Musiclauns com o espet\u00e1culo Desconcerto<\/p>\n\n\n\n<p><strong><u>Domingo, 03 de maio<\/u><\/strong><br><strong>17h \u00e0s 18h30 \u2013&nbsp;<\/strong>Show de brincadeiras com Tio Paulinho<\/p>\n\n\n\n<p><strong><u>Segunda-feira, 04 de maio<\/u><\/strong><br><strong>17h \u00e0s 18h30 \u2013\u00a0<\/strong>Viagem Liter\u00e1ria com Chegan\u00e7a Ateli\u00ea Cultural<\/p>\n\n\n\n<p><strong><u>Ter\u00e7a-feira, 05 de maio<\/u><\/strong><br><strong>17h \u00e0s 19h &#8211;&nbsp;<\/strong>Conta\u00e7\u00e3o de Hist\u00f3rias com Nairzinha e Denize Vaz Bela<\/p>\n\n\n\n<p><strong><u>Quarta-feira, 06 de maio<\/u><\/strong><br><strong>17h \u00e0s 18h30 \u2013\u00a0<\/strong>Musiclauns, M\u00fasica e Palha\u00e7aria<\/p>\n\n\n\n<p><strong><u>Quinta-feira, 07 de maio<\/u><\/strong><br><strong>17h \u00e0s 18h30 &nbsp;&#8211;&nbsp;<\/strong>Aula P\u00fablica de K-pop com Studio A e encontro de Armys<\/p>\n\n\n\n<p><strong><u>Sexta-feira, 08 de maio<\/u><\/strong><br><strong>17h \u00e0s 18h30 \u2013&nbsp;<\/strong>Cantarolou com o espet\u00e1culo Voos Cantantes<\/p>\n\n\n\n<p><strong><u>S\u00e1bado, 09 de maio<\/u><\/strong><br><strong>17h \u00e0s 18h30 \u2013&nbsp;<\/strong>Stripulia com o espet\u00e1culo A Loja de Brinquedos<\/p>\n\n\n\n<p><strong><u>Domingo, 10 de maio<\/u><\/strong><br><strong>17h \u00e0s 18h30 &#8211;&nbsp;<\/strong>Canela Fina<\/p>\n\n\n\n<p><strong>Sobre o Grupo Enashopp<\/strong><br>O Shopping Barra \u00e9 administrado pelo Grupo Enashopp que, h\u00e1 25 anos, atua para o desenvolvimento, implanta\u00e7\u00e3o, comercializa\u00e7\u00e3o e administra\u00e7\u00e3o de shopping centers e empreendimentos empresariais e multifuncionais. Sua expertise nacional e internacional \u00e9 reconhecida ainda na trajet\u00f3ria dos seus fundadores, que h\u00e1 mais de 30 anos s\u00e3o refer\u00eancia em gest\u00e3o plena no mercado. O Grupo Enashopp conta com um time de profissionais com amplo conhecimento na ind\u00fastria de shopping centers, operando em empreendimentos de variados perfis e portes, levando em conta as especificidades de cada regi\u00e3o. O grupo est\u00e1 presente em Salvador (BA), Parna\u00edba (PI) e em \u00c1guas Claras e Bras\u00edlia (DF). S\u00e3o mais de 1500 profissionais administrando mais de 1 milh\u00e3o de m\u00b2 de \u00e1rea constru\u00edda, com uma m\u00e9dia de 30 milh\u00f5es de pessoas\/ano trafegando nos empreendimentos, 5 mil unidades gerenciadas e mais de 300 mil m\u00b2 de \u00e1rea bruta loc\u00e1vel (ABL). O Grupo Enashopp inovou no mercado imobili\u00e1rio implantando o Achei meu Ponto!, uma empresa de comercializa\u00e7\u00e3o que possui uma plataforma digital com o prop\u00f3sito de ofertar, de maneira \u00e1gil e pr\u00e1tica, a venda e loca\u00e7\u00e3o de unidades exclusivamente comerciais e empresariais. Saiba mais sobre o Achei meu Ponto! atrav\u00e9s do site&nbsp;<a href=\"http:\/\/acheimeuponto.com.br\/\" target=\"_blank\" rel=\"noreferrer noopener\">acheimeuponto.com.br<\/a>.<\/p>\n\n\n\n<p><strong>Cr\u00e9dito:<\/strong> Imagem destaque gerada por IA<\/p>\n","protected":false},"excerpt":{"rendered":"<p>Entre os dias 2 e 10 de maio, o Shopping Barra, em Salvador, recebe o Barra Kids, evento gratuito com programa\u00e7\u00e3o voltada para o p\u00fablico infantil. A agenda re\u00fane m\u00fasica, teatro, dan\u00e7a, oficinas e conta\u00e7\u00e3o de hist\u00f3rias, com atra\u00e7\u00f5es como Musiclaus, Tio Paulinho e o grupo Stripulia.<\/p>\n","protected":false},"author":1,"featured_media":3187,"comment_status":"open","ping_status":"open","sticky":false,"template":"","format":"standard","meta":{"colormag_page_container_layout":"default_layout","colormag_page_sidebar_layout":"default_layout","footnotes":""},"categories":[4],"tags":[],"class_list":["post-3178","post","type-post","status-publish","format-standard","has-post-thumbnail","hentry","category-infantil"],"rttpg_featured_image_url":{"full":["https:\/\/boracultura.com.br\/wp-content\/uploads\/2026\/05\/ChatGPT-Image-2-de-mai.-de-2026-10_53_30.png",1536,1024,false],"landscape":["https:\/\/boracultura.com.br\/wp-content\/uploads\/2026\/05\/ChatGPT-Image-2-de-mai.-de-2026-10_53_30.png",1536,1024,false],"portraits":["https:\/\/boracultura.com.br\/wp-content\/uploads\/2026\/05\/ChatGPT-Image-2-de-mai.-de-2026-10_53_30.png",1536,1024,false],"thumbnail":["https:\/\/boracultura.com.br\/wp-content\/uploads\/2026\/05\/ChatGPT-Image-2-de-mai.-de-2026-10_53_30-150x150.png",150,150,true],"medium":["https:\/\/boracultura.com.br\/wp-content\/uploads\/2026\/05\/ChatGPT-Image-2-de-mai.-de-2026-10_53_30-300x200.png",300,200,true],"large":["https:\/\/boracultura.com.br\/wp-content\/uploads\/2026\/05\/ChatGPT-Image-2-de-mai.-de-2026-10_53_30-1024x683.png",800,534,true],"1536x1536":["https:\/\/boracultura.com.br\/wp-content\/uploads\/2026\/05\/ChatGPT-Image-2-de-mai.-de-2026-10_53_30.png",1536,1024,false],"2048x2048":["https:\/\/boracultura.com.br\/wp-content\/uploads\/2026\/05\/ChatGPT-Image-2-de-mai.-de-2026-10_53_30.png",1536,1024,false],"colormag-highlighted-post":["https:\/\/boracultura.com.br\/wp-content\/uploads\/2026\/05\/ChatGPT-Image-2-de-mai.-de-2026-10_53_30-392x272.png",392,272,true],"colormag-featured-post-medium":["https:\/\/boracultura.com.br\/wp-content\/uploads\/2026\/05\/ChatGPT-Image-2-de-mai.-de-2026-10_53_30-390x205.png",390,205,true],"colormag-featured-post-small":["https:\/\/boracultura.com.br\/wp-content\/uploads\/2026\/05\/ChatGPT-Image-2-de-mai.-de-2026-10_53_30-130x90.png",130,90,true],"colormag-featured-image":["https:\/\/boracultura.com.br\/wp-content\/uploads\/2026\/05\/ChatGPT-Image-2-de-mai.-de-2026-10_53_30-800x445.png",800,445,true],"colormag-default-news":["https:\/\/boracultura.com.br\/wp-content\/uploads\/2026\/05\/ChatGPT-Image-2-de-mai.-de-2026-10_53_30-150x150.png",150,150,true],"colormag-featured-image-large":["https:\/\/boracultura.com.br\/wp-content\/uploads\/2026\/05\/ChatGPT-Image-2-de-mai.-de-2026-10_53_30-1400x600.png",1400,600,true],"colormag-elementor-block-extra-large-thumbnail":["https:\/\/boracultura.com.br\/wp-content\/uploads\/2026\/05\/ChatGPT-Image-2-de-mai.-de-2026-10_53_30-1155x480.png",1155,480,true],"colormag-elementor-grid-large-thumbnail":["https:\/\/boracultura.com.br\/wp-content\/uploads\/2026\/05\/ChatGPT-Image-2-de-mai.-de-2026-10_53_30-600x417.png",600,417,true],"colormag-elementor-grid-small-thumbnail":["https:\/\/boracultura.com.br\/wp-content\/uploads\/2026\/05\/ChatGPT-Image-2-de-mai.-de-2026-10_53_30-285x450.png",285,450,true],"colormag-elementor-grid-medium-large-thumbnail":["https:\/\/boracultura.com.br\/wp-content\/uploads\/2026\/05\/ChatGPT-Image-2-de-mai.-de-2026-10_53_30-575x198.png",575,198,true],"psacp-medium":["https:\/\/boracultura.com.br\/wp-content\/uploads\/2026\/05\/ChatGPT-Image-2-de-mai.-de-2026-10_53_30-500x500.png",500,500,true]},"rttpg_author":{"display_name":"boracultura@gmail.com","author_link":"https:\/\/boracultura.com.br\/index.php\/author\/boraculturagmail-com\/"},"rttpg_comment":0,"rttpg_category":"<a href=\"https:\/\/boracultura.com.br\/index.php\/category\/infantil\/\" rel=\"category tag\">Infantil<\/a>","rttpg_excerpt":"Entre os dias 2 e 10 de maio, o Shopping Barra, em Salvador, recebe o Barra Kids, evento gratuito com programa\u00e7\u00e3o voltada para o p\u00fablico infantil. A agenda re\u00fane m\u00fasica, teatro, dan\u00e7a, oficinas e conta\u00e7\u00e3o de hist\u00f3rias, com atra\u00e7\u00f5es como Musiclaus, Tio Paulinho e o grupo Stripulia.","_links":{"self":[{"href":"https:\/\/boracultura.com.br\/index.php\/wp-json\/wp\/v2\/posts\/3178","targetHints":{"allow":["GET"]}}],"collection":[{"href":"https:\/\/boracultura.com.br\/index.php\/wp-json\/wp\/v2\/posts"}],"about":[{"href":"https:\/\/boracultura.com.br\/index.php\/wp-json\/wp\/v2\/types\/post"}],"author":[{"embeddable":true,"href":"https:\/\/boracultura.com.br\/index.php\/wp-json\/wp\/v2\/users\/1"}],"replies":[{"embeddable":true,"href":"https:\/\/boracultura.com.br\/index.php\/wp-json\/wp\/v2\/comments?post=3178"}],"version-history":[{"count":4,"href":"https:\/\/boracultura.com.br\/index.php\/wp-json\/wp\/v2\/posts\/3178\/revisions"}],"predecessor-version":[{"id":3208,"href":"https:\/\/boracultura.com.br\/index.php\/wp-json\/wp\/v2\/posts\/3178\/revisions\/3208"}],"wp:featuredmedia":[{"embeddable":true,"href":"https:\/\/boracultura.com.br\/index.php\/wp-json\/wp\/v2\/media\/3187"}],"wp:attachment":[{"href":"https:\/\/boracultura.com.br\/index.php\/wp-json\/wp\/v2\/media?parent=3178"}],"wp:term":[{"taxonomy":"category","embeddable":true,"href":"https:\/\/boracultura.com.br\/index.php\/wp-json\/wp\/v2\/categories?post=3178"},{"taxonomy":"post_tag","embeddable":true,"href":"https:\/\/boracultura.com.br\/index.php\/wp-json\/wp\/v2\/tags?post=3178"}],"curies":[{"name":"wp","href":"https:\/\/api.w.org\/{rel}","templated":true}]}}