{"id":3214,"date":"2026-05-02T15:58:46","date_gmt":"2026-05-02T18:58:46","guid":{"rendered":"https:\/\/boracultura.com.br\/?p=3214"},"modified":"2026-05-02T15:58:49","modified_gmt":"2026-05-02T18:58:49","slug":"sao-joao-feira-de-santana-2026-programacao-shows","status":"publish","type":"post","link":"https:\/\/boracultura.com.br\/index.php\/2026\/05\/02\/sao-joao-feira-de-santana-2026-programacao-shows\/","title":{"rendered":"S\u00e3o Jo\u00e3o de Feira de Santana 2026 \u00e9 lan\u00e7ado com 15 dias de festa e grandes atra\u00e7\u00f5es na Bahia"},"content":{"rendered":"\n<p>O S\u00e3o Jo\u00e3o de Feira de Santana 2026 j\u00e1 tem data, tema e programa\u00e7\u00e3o definidos. Com o mote \u201cA alegria entra em campo\u201d, a festa foi lan\u00e7ada oficialmente pela prefeitura e promete movimentar o interior da Bahia entre os dias 20 de junho e 4 de julho, reunindo grandes nomes do forr\u00f3 e da m\u00fasica brasileira em uma programa\u00e7\u00e3o descentralizada.<\/p>\n\n\n\n<p>Ao longo do per\u00edodo junino, os festejos v\u00e3o contemplar diferentes distritos do munic\u00edpio com celebra\u00e7\u00f5es de S\u00e3o Jo\u00e3o e S\u00e3o Pedro, mantendo uma tradi\u00e7\u00e3o que \u00e9 marca registrada da cidade. Em Maria Quit\u00e9ria, por exemplo, a festa acontece de 20 a 23 de junho, com shows de Ra\u00ed Saia Rodada e Caviar com Rapadura no dia 20, Paula Fernandes e Filho do Piseiro no dia 21, Alceu Valen\u00e7a e Forroz\u00e3o das Antigas no dia 22, al\u00e9m de Lim\u00e3o com Mel e Caninana no dia 23. J\u00e1 em Jaguara, a programa\u00e7\u00e3o ser\u00e1 realizada nos dias 20 e 21, com Acaraj\u00e9 com Camar\u00e3o no primeiro dia e Filomena Bagaceira no segundo.<\/p>\n\n\n\n<p>J\u00e1 em Bonfim de Feira, o S\u00e3o Pedro ser\u00e1 celebrado nos dias 27 e 28 de junho, com apresenta\u00e7\u00f5es de Fl\u00e1vio Jos\u00e9 e Raio da Silibrina no dia 27, e Tayrone e Colher de Pau no dia 28. No distrito de Humildes, os festejos acontecem de 26 a 28 de junho, reunindo Luan Estilizado e Mastruz com Leite no dia 26, Unha Pintada e Adelmario Coelho no dia 27, al\u00e9m de Ra\u00e7a Negra e Buscap\u00e9 Arreio de Ouro no dia 28. Encerrando a programa\u00e7\u00e3o, o distrito de Ja\u00edba recebe o S\u00e3o Pedro nos dias 3 e 4 de julho, com shows de Alcymar Monteiro no primeiro dia e Solange Almeida no segundo.<\/p>\n\n\n\n<p>Reconhecido como um dos maiores e mais tradicionais festejos juninos da Bahia, o S\u00e3o Jo\u00e3o de Feira deve atrair milhares de pessoas entre moradores e turistas, com impacto direto na economia local, especialmente nos setores de com\u00e9rcio, turismo e servi\u00e7os. Al\u00e9m das atra\u00e7\u00f5es musicais, a festa mant\u00e9m elementos tradicionais como quadrilhas, culin\u00e1ria t\u00edpica e ambienta\u00e7\u00e3o tem\u00e1tica, proporcionando uma experi\u00eancia completa ao p\u00fablico.l \u201cFeira de Santana tem uma rela\u00e7\u00e3o muito forte com o S\u00e3o Jo\u00e3o. \u00c9 um per\u00edodo em que a cidade se transforma, a cultura ganha ainda mais for\u00e7a e as pessoas vivem isso de perto. A gente est\u00e1 preparando uma festa organizada, levando programa\u00e7\u00e3o para os distritos e respeitando essa tradi\u00e7\u00e3o que \u00e9 t\u00e3o importante para o nosso povo\u201d, destacou o prefeito Jos\u00e9 Ronaldo de Carvalho.<\/p>\n","protected":false},"excerpt":{"rendered":"<p>S\u00e3o Jo\u00e3o de Feira de Santana 2026 ter\u00e1 15 dias de festa, programa\u00e7\u00e3o em distritos e shows de grandes artistas como Alceu Valen\u00e7a, Solange Almeida e Fl\u00e1vio Jos\u00e9.<\/p>\n","protected":false},"author":1,"featured_media":3215,"comment_status":"open","ping_status":"open","sticky":false,"template":"","format":"standard","meta":{"colormag_page_container_layout":"default_layout","colormag_page_sidebar_layout":"default_layout","footnotes":""},"categories":[1357],"tags":[1877,985,415,24,1871,1874,1873,160,1876,1878,1872,1879,1880,1261,1453,1870,1875,1518],"class_list":["post-3214","post","type-post","status-publish","format-standard","has-post-thumbnail","hentry","category-sao-joao","tag-adelmario-coelho","tag-alceu-valenca","tag-cultura-nordestina","tag-feira-de-santana","tag-festas-juninas-bahia","tag-flavio-jose","tag-forro-bahia","tag-interior-da-bahia","tag-limao-com-mel","tag-paula-fernandes","tag-programacao-sao-joao","tag-raca-negra","tag-rai-saia-rodada","tag-sao-joao-2026","tag-sao-joao-da-bahia","tag-sao-joao-feira-de-santana","tag-solange-almeida","tag-turismo-bahia"],"rttpg_featured_image_url":{"full":["https:\/\/boracultura.com.br\/wp-content\/uploads\/2026\/05\/WhatsApp-Image-2026-04-29-at-17.17.02.jpeg",1280,853,false],"landscape":["https:\/\/boracultura.com.br\/wp-content\/uploads\/2026\/05\/WhatsApp-Image-2026-04-29-at-17.17.02.jpeg",1280,853,false],"portraits":["https:\/\/boracultura.com.br\/wp-content\/uploads\/2026\/05\/WhatsApp-Image-2026-04-29-at-17.17.02.jpeg",1280,853,false],"thumbnail":["https:\/\/boracultura.com.br\/wp-content\/uploads\/2026\/05\/WhatsApp-Image-2026-04-29-at-17.17.02-150x150.jpeg",150,150,true],"medium":["https:\/\/boracultura.com.br\/wp-content\/uploads\/2026\/05\/WhatsApp-Image-2026-04-29-at-17.17.02-300x200.jpeg",300,200,true],"large":["https:\/\/boracultura.com.br\/wp-content\/uploads\/2026\/05\/WhatsApp-Image-2026-04-29-at-17.17.02-1024x682.jpeg",800,533,true],"1536x1536":["https:\/\/boracultura.com.br\/wp-content\/uploads\/2026\/05\/WhatsApp-Image-2026-04-29-at-17.17.02.jpeg",1280,853,false],"2048x2048":["https:\/\/boracultura.com.br\/wp-content\/uploads\/2026\/05\/WhatsApp-Image-2026-04-29-at-17.17.02.jpeg",1280,853,false],"colormag-highlighted-post":["https:\/\/boracultura.com.br\/wp-content\/uploads\/2026\/05\/WhatsApp-Image-2026-04-29-at-17.17.02-392x272.jpeg",392,272,true],"colormag-featured-post-medium":["https:\/\/boracultura.com.br\/wp-content\/uploads\/2026\/05\/WhatsApp-Image-2026-04-29-at-17.17.02-390x205.jpeg",390,205,true],"colormag-featured-post-small":["https:\/\/boracultura.com.br\/wp-content\/uploads\/2026\/05\/WhatsApp-Image-2026-04-29-at-17.17.02-130x90.jpeg",130,90,true],"colormag-featured-image":["https:\/\/boracultura.com.br\/wp-content\/uploads\/2026\/05\/WhatsApp-Image-2026-04-29-at-17.17.02-800x445.jpeg",800,445,true],"colormag-default-news":["https:\/\/boracultura.com.br\/wp-content\/uploads\/2026\/05\/WhatsApp-Image-2026-04-29-at-17.17.02-150x150.jpeg",150,150,true],"colormag-featured-image-large":["https:\/\/boracultura.com.br\/wp-content\/uploads\/2026\/05\/WhatsApp-Image-2026-04-29-at-17.17.02-1280x600.jpeg",1280,600,true],"colormag-elementor-block-extra-large-thumbnail":["https:\/\/boracultura.com.br\/wp-content\/uploads\/2026\/05\/WhatsApp-Image-2026-04-29-at-17.17.02-1155x480.jpeg",1155,480,true],"colormag-elementor-grid-large-thumbnail":["https:\/\/boracultura.com.br\/wp-content\/uploads\/2026\/05\/WhatsApp-Image-2026-04-29-at-17.17.02-600x417.jpeg",600,417,true],"colormag-elementor-grid-small-thumbnail":["https:\/\/boracultura.com.br\/wp-content\/uploads\/2026\/05\/WhatsApp-Image-2026-04-29-at-17.17.02-285x450.jpeg",285,450,true],"colormag-elementor-grid-medium-large-thumbnail":["https:\/\/boracultura.com.br\/wp-content\/uploads\/2026\/05\/WhatsApp-Image-2026-04-29-at-17.17.02-575x198.jpeg",575,198,true],"psacp-medium":["https:\/\/boracultura.com.br\/wp-content\/uploads\/2026\/05\/WhatsApp-Image-2026-04-29-at-17.17.02-500x500.jpeg",500,500,true]},"rttpg_author":{"display_name":"boracultura@gmail.com","author_link":"https:\/\/boracultura.com.br\/index.php\/author\/boraculturagmail-com\/"},"rttpg_comment":0,"rttpg_category":"<a href=\"https:\/\/boracultura.com.br\/index.php\/category\/sao-joao\/\" rel=\"category tag\">S\u00e3o Jo\u00e3o<\/a>","rttpg_excerpt":"S\u00e3o Jo\u00e3o de Feira de Santana 2026 ter\u00e1 15 dias de festa, programa\u00e7\u00e3o em distritos e shows de grandes artistas como Alceu Valen\u00e7a, Solange Almeida e Fl\u00e1vio Jos\u00e9.","_links":{"self":[{"href":"https:\/\/boracultura.com.br\/index.php\/wp-json\/wp\/v2\/posts\/3214","targetHints":{"allow":["GET"]}}],"collection":[{"href":"https:\/\/boracultura.com.br\/index.php\/wp-json\/wp\/v2\/posts"}],"about":[{"href":"https:\/\/boracultura.com.br\/index.php\/wp-json\/wp\/v2\/types\/post"}],"author":[{"embeddable":true,"href":"https:\/\/boracultura.com.br\/index.php\/wp-json\/wp\/v2\/users\/1"}],"replies":[{"embeddable":true,"href":"https:\/\/boracultura.com.br\/index.php\/wp-json\/wp\/v2\/comments?post=3214"}],"version-history":[{"count":1,"href":"https:\/\/boracultura.com.br\/index.php\/wp-json\/wp\/v2\/posts\/3214\/revisions"}],"predecessor-version":[{"id":3217,"href":"https:\/\/boracultura.com.br\/index.php\/wp-json\/wp\/v2\/posts\/3214\/revisions\/3217"}],"wp:featuredmedia":[{"embeddable":true,"href":"https:\/\/boracultura.com.br\/index.php\/wp-json\/wp\/v2\/media\/3215"}],"wp:attachment":[{"href":"https:\/\/boracultura.com.br\/index.php\/wp-json\/wp\/v2\/media?parent=3214"}],"wp:term":[{"taxonomy":"category","embeddable":true,"href":"https:\/\/boracultura.com.br\/index.php\/wp-json\/wp\/v2\/categories?post=3214"},{"taxonomy":"post_tag","embeddable":true,"href":"https:\/\/boracultura.com.br\/index.php\/wp-json\/wp\/v2\/tags?post=3214"}],"curies":[{"name":"wp","href":"https:\/\/api.w.org\/{rel}","templated":true}]}}