{"id":3218,"date":"2026-05-03T09:00:00","date_gmt":"2026-05-03T12:00:00","guid":{"rendered":"https:\/\/boracultura.com.br\/?p=3218"},"modified":"2026-05-02T20:49:22","modified_gmt":"2026-05-02T23:49:22","slug":"grupo-ofa-apresenta-iya-agba-no-museu-de-arte-contemporanea-da-bahia-com-entrada-gratuita","status":"publish","type":"post","link":"https:\/\/boracultura.com.br\/index.php\/2026\/05\/03\/grupo-ofa-apresenta-iya-agba-no-museu-de-arte-contemporanea-da-bahia-com-entrada-gratuita\/","title":{"rendered":"Grupo \u00d2f\u00e1 apresenta \u201c\u00ccY\u00c1 \u00c0GB\u00c0\u201d no Museu de Arte Contempor\u00e2nea da Bahia com entrada gratuita"},"content":{"rendered":"\n<p>O Museu de Arte Contempor\u00e2nea da Bahia recebe, no dia 9 de maio, o espet\u00e1culo \u201c\u00ccY\u00c1 \u00c0GB\u00c0 (M\u00e3e Ancestral)\u201d, apresentado pelo Grupo \u00d2f\u00e1. A apresenta\u00e7\u00e3o gratuita re\u00fane m\u00fasica e performance para celebrar o sagrado feminino e destacar a for\u00e7a da cultura afro-brasileira em uma experi\u00eancia que conecta tradi\u00e7\u00e3o e contemporaneidade.<\/p>\n\n\n\n<p>O repert\u00f3rio do espet\u00e1culo re\u00fane can\u00e7\u00f5es do \u00e1lbum &#8220;\u00ccy\u00e1 \u00c0gb\u00e0 \u1e62ir\u00e9 \u2013 O Poder do Sagrado Feminino&#8221;, trabalho mais recente do grupo, que refor\u00e7a o compromisso com a valoriza\u00e7\u00e3o do feminino sagrado dentro da cosmovis\u00e3o do candombl\u00e9. A apresenta\u00e7\u00e3o conta com dire\u00e7\u00e3o musical de Iuri Passos, dire\u00e7\u00e3o art\u00edstica de Luciana Bara\u00fana e produ\u00e7\u00e3o de Jos\u00e9 Maur\u00edcio Bittencourt.<\/p>\n\n\n\n<p>Realizado pelo Grupo \u00d2f\u00e1 e pela JM Projetos, em parceria com o Instituto do Patrim\u00f4nio Art\u00edstico e Cultural da Bahia e o MAC_BAHIA, o evento tem apoio da Avatim e patroc\u00ednio da Secretaria de Turismo do Estado da Bahia (SETUR) junto ao Instituto do Patrim\u00f4nio Art\u00edstico e Cultural da Bahia (IPAC) e dialoga com a exposi\u00e7\u00e3o &#8220;Respeita \u2013 Mulheres do Acervo do MAC Bahia&#8221;, em cartaz at\u00e9 24 de maio. A mostra re\u00fane obras de artistas mulheres do acervo do museu, al\u00e9m de novas incorpora\u00e7\u00f5es.<\/p>\n\n\n\n<p>Origin\u00e1rio do Terreiro do Gantois (Il\u00e9 Iy\u00e1 Omi \u00c0\u1e63\u1eb9 Iyamas\u00e9), uma das mais tradicionais casas de candombl\u00e9 do pa\u00eds, o Grupo \u00d2f\u00e1 atua na preserva\u00e7\u00e3o e difus\u00e3o de um repert\u00f3rio sacro reconhecido como patrim\u00f4nio imaterial da cultura brasileira. Formado por integrantes da pr\u00f3pria comunidade do terreiro, o coletivo estabelece uma rela\u00e7\u00e3o direta entre origem e express\u00e3o, mantendo viva uma tradi\u00e7\u00e3o transmitida por meio da oralidade, do ritmo e do corpo. Com uma trajet\u00f3ria marcada por trabalhos como &#8220;Odum Orim&#8221; (2000) e &#8220;Obatal\u00e1 \u2013 Uma homenagem a M\u00e3e Carmem&#8221; (2019), indicado ao Grammy Latino, o grupo se consolida como refer\u00eancia na valoriza\u00e7\u00e3o da m\u00fasica de matriz afro-brasileira.<\/p>\n\n\n\n<p><strong>Servi\u00e7o:<\/strong><br><strong>O qu\u00ea:<\/strong> Espet\u00e1culo &#8220;\u00d2f\u00e1 Canta \u00ccY\u00c1 \u00c0GB\u00c0 (M\u00e3e Ancestral)&#8221;, do Grupo Of\u00e1<br><strong>Quando:<\/strong> 9 de maio de 2026 (s\u00e1bado), \u00e0s 17h<br><strong>Onde:<\/strong> Museu de Arte Contempor\u00e2nea da Bahia (MAC_BAHIA) \u2013 P\u00e1tio Central<br><strong>Endere\u00e7o:<\/strong> Rua da Gra\u00e7a, 284 \u2013 Gra\u00e7a, Salvador (BA)<br><strong>Entrada:<\/strong> Gratuita (ordem de chegada)<\/p>\n","protected":false},"excerpt":{"rendered":"<p>O Grupo \u00d2f\u00e1 apresenta o espet\u00e1culo \u201c\u00ccY\u00c1 \u00c0GB\u00c0 (M\u00e3e Ancestral)\u201d no MAC_BAHIA, em Salvador, com m\u00fasica e performance que celebram o sagrado feminino e a cultura afro-brasileira.<\/p>\n","protected":false},"author":1,"featured_media":3219,"comment_status":"open","ping_status":"open","sticky":false,"template":"","format":"standard","meta":{"colormag_page_container_layout":"default_layout","colormag_page_sidebar_layout":"default_layout","footnotes":""},"categories":[45],"tags":[1054,1885,1887,1076,1881,1882,1884,1883,303,1886],"class_list":["post-3218","post","type-post","status-publish","format-standard","has-post-thumbnail","hentry","category-musica","tag-candomble","tag-cultura-afro-brasileira-2","tag-espetaculos-salvador","tag-eventos-gratuitos-salvador","tag-grupo-ofa","tag-iya-agba","tag-mac-bahia","tag-museu-de-arte-contemporanea-da-bahia","tag-o-que-fazer-em-salvador","tag-sagrado-feminino"],"rttpg_featured_image_url":{"full":["https:\/\/boracultura.com.br\/wp-content\/uploads\/2026\/05\/Ofa-Estudio77.jpg-1-scaled-e1777765694911.jpeg",1704,1020,false],"landscape":["https:\/\/boracultura.com.br\/wp-content\/uploads\/2026\/05\/Ofa-Estudio77.jpg-1-scaled-e1777765694911.jpeg",1704,1020,false],"portraits":["https:\/\/boracultura.com.br\/wp-content\/uploads\/2026\/05\/Ofa-Estudio77.jpg-1-scaled-e1777765694911.jpeg",1704,1020,false],"thumbnail":["https:\/\/boracultura.com.br\/wp-content\/uploads\/2026\/05\/Ofa-Estudio77.jpg-1-scaled-e1777765694911-150x150.jpeg",150,150,true],"medium":["https:\/\/boracultura.com.br\/wp-content\/uploads\/2026\/05\/Ofa-Estudio77.jpg-1-scaled-e1777765694911-300x180.jpeg",300,180,true],"large":["https:\/\/boracultura.com.br\/wp-content\/uploads\/2026\/05\/Ofa-Estudio77.jpg-1-scaled-e1777765694911-1024x613.jpeg",800,479,true],"1536x1536":["https:\/\/boracultura.com.br\/wp-content\/uploads\/2026\/05\/Ofa-Estudio77.jpg-1-scaled-e1777765694911-1536x919.jpeg",1536,919,true],"2048x2048":["https:\/\/boracultura.com.br\/wp-content\/uploads\/2026\/05\/Ofa-Estudio77.jpg-1-1365x2048.jpeg",1365,2048,true],"colormag-highlighted-post":["https:\/\/boracultura.com.br\/wp-content\/uploads\/2026\/05\/Ofa-Estudio77.jpg-1-scaled-e1777765694911-392x272.jpeg",392,272,true],"colormag-featured-post-medium":["https:\/\/boracultura.com.br\/wp-content\/uploads\/2026\/05\/Ofa-Estudio77.jpg-1-scaled-e1777765694911-390x205.jpeg",390,205,true],"colormag-featured-post-small":["https:\/\/boracultura.com.br\/wp-content\/uploads\/2026\/05\/Ofa-Estudio77.jpg-1-scaled-e1777765694911-130x90.jpeg",130,90,true],"colormag-featured-image":["https:\/\/boracultura.com.br\/wp-content\/uploads\/2026\/05\/Ofa-Estudio77.jpg-1-scaled-e1777765694911-800x445.jpeg",800,445,true],"colormag-default-news":["https:\/\/boracultura.com.br\/wp-content\/uploads\/2026\/05\/Ofa-Estudio77.jpg-1-scaled-e1777765694911-150x150.jpeg",150,150,true],"colormag-featured-image-large":["https:\/\/boracultura.com.br\/wp-content\/uploads\/2026\/05\/Ofa-Estudio77.jpg-1-scaled-e1777765694911-1400x600.jpeg",1400,600,true],"colormag-elementor-block-extra-large-thumbnail":["https:\/\/boracultura.com.br\/wp-content\/uploads\/2026\/05\/Ofa-Estudio77.jpg-1-scaled-e1777765694911-1155x480.jpeg",1155,480,true],"colormag-elementor-grid-large-thumbnail":["https:\/\/boracultura.com.br\/wp-content\/uploads\/2026\/05\/Ofa-Estudio77.jpg-1-scaled-e1777765694911-600x417.jpeg",600,417,true],"colormag-elementor-grid-small-thumbnail":["https:\/\/boracultura.com.br\/wp-content\/uploads\/2026\/05\/Ofa-Estudio77.jpg-1-scaled-e1777765694911-285x450.jpeg",285,450,true],"colormag-elementor-grid-medium-large-thumbnail":["https:\/\/boracultura.com.br\/wp-content\/uploads\/2026\/05\/Ofa-Estudio77.jpg-1-scaled-e1777765694911-575x198.jpeg",575,198,true],"psacp-medium":["https:\/\/boracultura.com.br\/wp-content\/uploads\/2026\/05\/Ofa-Estudio77.jpg-1-scaled-e1777765694911-500x500.jpeg",500,500,true]},"rttpg_author":{"display_name":"boracultura@gmail.com","author_link":"https:\/\/boracultura.com.br\/index.php\/author\/boraculturagmail-com\/"},"rttpg_comment":0,"rttpg_category":"<a href=\"https:\/\/boracultura.com.br\/index.php\/category\/noticias\/musica\/\" rel=\"category tag\">M\u00fasica<\/a>","rttpg_excerpt":"O Grupo \u00d2f\u00e1 apresenta o espet\u00e1culo \u201c\u00ccY\u00c1 \u00c0GB\u00c0 (M\u00e3e Ancestral)\u201d no MAC_BAHIA, em Salvador, com m\u00fasica e performance que celebram o sagrado feminino e a cultura afro-brasileira.","_links":{"self":[{"href":"https:\/\/boracultura.com.br\/index.php\/wp-json\/wp\/v2\/posts\/3218","targetHints":{"allow":["GET"]}}],"collection":[{"href":"https:\/\/boracultura.com.br\/index.php\/wp-json\/wp\/v2\/posts"}],"about":[{"href":"https:\/\/boracultura.com.br\/index.php\/wp-json\/wp\/v2\/types\/post"}],"author":[{"embeddable":true,"href":"https:\/\/boracultura.com.br\/index.php\/wp-json\/wp\/v2\/users\/1"}],"replies":[{"embeddable":true,"href":"https:\/\/boracultura.com.br\/index.php\/wp-json\/wp\/v2\/comments?post=3218"}],"version-history":[{"count":2,"href":"https:\/\/boracultura.com.br\/index.php\/wp-json\/wp\/v2\/posts\/3218\/revisions"}],"predecessor-version":[{"id":3221,"href":"https:\/\/boracultura.com.br\/index.php\/wp-json\/wp\/v2\/posts\/3218\/revisions\/3221"}],"wp:featuredmedia":[{"embeddable":true,"href":"https:\/\/boracultura.com.br\/index.php\/wp-json\/wp\/v2\/media\/3219"}],"wp:attachment":[{"href":"https:\/\/boracultura.com.br\/index.php\/wp-json\/wp\/v2\/media?parent=3218"}],"wp:term":[{"taxonomy":"category","embeddable":true,"href":"https:\/\/boracultura.com.br\/index.php\/wp-json\/wp\/v2\/categories?post=3218"},{"taxonomy":"post_tag","embeddable":true,"href":"https:\/\/boracultura.com.br\/index.php\/wp-json\/wp\/v2\/tags?post=3218"}],"curies":[{"name":"wp","href":"https:\/\/api.w.org\/{rel}","templated":true}]}}