{"id":353,"date":"2026-01-06T22:14:38","date_gmt":"2026-01-07T01:14:38","guid":{"rendered":"https:\/\/boracultura.com.br\/?p=353"},"modified":"2026-01-08T22:37:45","modified_gmt":"2026-01-09T01:37:45","slug":"salvador-em-serenata-celebra-o-verao-ao-por-do-sol-na-varanda-do-sesi-rio-vermelho","status":"publish","type":"post","link":"https:\/\/boracultura.com.br\/index.php\/2026\/01\/06\/salvador-em-serenata-celebra-o-verao-ao-por-do-sol-na-varanda-do-sesi-rio-vermelho\/","title":{"rendered":"Salvador em Serenata celebra o Ver\u00e3o ao p\u00f4r do sol na Varanda do SESI Rio Vermelho"},"content":{"rendered":"\n<p>O ver\u00e3o em Salvador ganha um cap\u00edtulo especial de poesia e m\u00fasica no&nbsp;domingo, 11 de janeiro de 2026, com a realiza\u00e7\u00e3o do&nbsp;Salvador em Serenata de Ver\u00e3o, a partir das&nbsp;16h30, na&nbsp;Varanda do SESI Rio Vermelho. Emoldurado pelo p\u00f4r do sol e pela brisa do mar, o projeto convida o p\u00fablico para uma experi\u00eancia sensorial \u00fanica, onde a m\u00fasica brasileira se encontra com a delicadeza das serenatas.<\/p>\n\n\n\n<p>Sob a&nbsp;dire\u00e7\u00e3o art\u00edstica de Lula Gazineu, o espet\u00e1culo re\u00fane artistas consagrados da cena musical baiana em encontros que celebram a amizade, a mem\u00f3ria afetiva e a diversidade sonora. Nesta primeira edi\u00e7\u00e3o do ano Integram o elenco Cinho Damatta, Giroux Wamziler, Roberval Santos e Uir\u00e1 Nogueira, al\u00e9m de convidados especiais que enriquecem ainda mais a apresenta\u00e7\u00e3o.<\/p>\n\n\n\n<p>O repert\u00f3rio prop\u00f5e um di\u00e1logo refinado entre a tradi\u00e7\u00e3o da m\u00fasica popular brasileira e o frescor de novas sonoridades, criando um clima intimista, elegante e profundamente conectado com a paisagem do Rio Vermelho.<\/p>\n\n\n\n<p>Entre as&nbsp;participa\u00e7\u00f5es especiais, destacam-se:<br>Andr\u00e9 Bernard&nbsp;(voz e viola caipira), violeiro, violonista, compositor e cantor, com trajet\u00f3ria iniciada aos 17 anos ao lado de D\u00e9rcio Marques, passando por palcos divididos com Almir Sater, Xangai, Vital Farias e Lula Gazineu. Gravou o \u00e1lbum&nbsp;<em>Roseiras<\/em>&nbsp;(1997), participou do&nbsp;<em>Programa do J\u00f4<\/em>, venceu o primeiro Festival R\u00e1dio Educadora FM e teve m\u00fasicas em filmes e document\u00e1rios.<\/p>\n\n\n\n<p>Fernando Carvalho, cantor e violonista, professor titular de Farmacologia da UNEB, entusiasta da educa\u00e7\u00e3o, da ci\u00eancia e da m\u00fasica popular brasileira, trazendo ao palco sua sensibilidade e paix\u00e3o pelas can\u00e7\u00f5es.<\/p>\n\n\n\n<p>Lucas Andrade&nbsp;(clarineta), m\u00fasico com s\u00f3lida forma\u00e7\u00e3o erudita e ampla atua\u00e7\u00e3o na m\u00fasica popular. Mestre em Performance Musical pela UFBA, integrou importantes orquestras como a OSBA e a Orquestra de C\u00e2mara de Salvador, atuou como solista e atualmente \u00e9 primeiro clarinetista da Orquestra Sinf\u00f4nica da Para\u00edba (OSPB), al\u00e9m de professor universit\u00e1rio.<\/p>\n\n\n\n<p>O&nbsp;couvert art\u00edstico custa R$ 50,00, com op\u00e7\u00e3o de&nbsp;casadinha antecipada por R$ 80,00. As mesas s\u00e3o limitadas e devem ser reservadas previamente pelo WhatsApp.<\/p>\n\n\n\n<p>O&nbsp;Salvador em Serenata&nbsp;\u00e9 uma realiza\u00e7\u00e3o da parceria entre o&nbsp;Projeto Cores &amp; Nomes,&nbsp;Hessel,&nbsp;Casa 98 &amp; Siri Produ\u00e7\u00f5es,&nbsp;Doris Pinheiro Assessoria de Imprensa&nbsp;e o&nbsp;Teatro SESI Rio Vermelho\/FIEB, fortalecendo o compromisso com encontros musicais de qualidade, sens\u00edveis e inesquec\u00edveis.<\/p>\n\n\n\n<p>Ao cair da tarde, quando a cidade desacelera, a m\u00fasica toma conta. Um convite para ouvir, sentir e celebrar o ver\u00e3o em Salvador.<\/p>\n\n\n\n<p><strong>SERVI\u00c7O<\/strong><br><strong>O qu\u00ea:<\/strong>&nbsp;Show&nbsp;<em>Salvador em Serenata<\/em><br><strong>Quando:<\/strong>&nbsp;11 de janeiro de 2026 (domingo)<br><strong>Hor\u00e1rio:<\/strong>&nbsp;A partir das 16h30 (p\u00f4r do sol)<br><strong>Local:<\/strong>&nbsp;Varanda do SESI Rio Vermelho<br><strong>Endere\u00e7o:<\/strong>&nbsp;Rua Borges dos Reis, 09, Rio Vermelho. Salvador (BA)<br><strong>Couvert art\u00edstico:<\/strong>&nbsp;R$ 50,00<br><strong>Casadinha antecipada:<\/strong>&nbsp;R$ 80,00<br><strong>Informa\u00e7\u00f5es e reserva de mesas:<\/strong>&nbsp;WhatsApp (71) 99160-9140<\/p>\n\n\n\n<p><em>Foto: Augusto Hessel\/ Divulga\u00e7\u00e3o<\/em><\/p>\n","protected":false},"excerpt":{"rendered":"<p>O ver\u00e3o em Salvador ganha um cap\u00edtulo especial de poesia e m\u00fasica no&nbsp;domingo, 11 de janeiro de 2026, com a<\/p>\n","protected":false},"author":1,"featured_media":360,"comment_status":"open","ping_status":"open","sticky":false,"template":"","format":"standard","meta":{"colormag_page_container_layout":"default_layout","colormag_page_sidebar_layout":"default_layout","footnotes":""},"categories":[45,8],"tags":[51,36,22,52,53,54,55],"class_list":["post-353","post","type-post","status-publish","format-standard","has-post-thumbnail","hentry","category-musica","category-noticias","tag-andre-bernard","tag-cultura","tag-cultura-bahia","tag-fernando-carvalho","tag-lucas-andrade","tag-show-salvador-em-serenata","tag-varanda-do-sesi-rio-vermelho"],"rttpg_featured_image_url":{"full":["https:\/\/boracultura.com.br\/wp-content\/uploads\/2026\/01\/Salvador-em-Serenata-foto-Augusto-Hessel-001-scaled.jpg",2560,1928,false],"landscape":["https:\/\/boracultura.com.br\/wp-content\/uploads\/2026\/01\/Salvador-em-Serenata-foto-Augusto-Hessel-001-scaled.jpg",2560,1928,false],"portraits":["https:\/\/boracultura.com.br\/wp-content\/uploads\/2026\/01\/Salvador-em-Serenata-foto-Augusto-Hessel-001-scaled.jpg",2560,1928,false],"thumbnail":["https:\/\/boracultura.com.br\/wp-content\/uploads\/2026\/01\/Salvador-em-Serenata-foto-Augusto-Hessel-001-150x150.jpg",150,150,true],"medium":["https:\/\/boracultura.com.br\/wp-content\/uploads\/2026\/01\/Salvador-em-Serenata-foto-Augusto-Hessel-001-300x226.jpg",300,226,true],"large":["https:\/\/boracultura.com.br\/wp-content\/uploads\/2026\/01\/Salvador-em-Serenata-foto-Augusto-Hessel-001-1024x771.jpg",800,602,true],"1536x1536":["https:\/\/boracultura.com.br\/wp-content\/uploads\/2026\/01\/Salvador-em-Serenata-foto-Augusto-Hessel-001-1536x1157.jpg",1536,1157,true],"2048x2048":["https:\/\/boracultura.com.br\/wp-content\/uploads\/2026\/01\/Salvador-em-Serenata-foto-Augusto-Hessel-001-2048x1542.jpg",2048,1542,true],"colormag-highlighted-post":["https:\/\/boracultura.com.br\/wp-content\/uploads\/2026\/01\/Salvador-em-Serenata-foto-Augusto-Hessel-001-392x272.jpg",392,272,true],"colormag-featured-post-medium":["https:\/\/boracultura.com.br\/wp-content\/uploads\/2026\/01\/Salvador-em-Serenata-foto-Augusto-Hessel-001-390x205.jpg",390,205,true],"colormag-featured-post-small":["https:\/\/boracultura.com.br\/wp-content\/uploads\/2026\/01\/Salvador-em-Serenata-foto-Augusto-Hessel-001-130x90.jpg",130,90,true],"colormag-featured-image":["https:\/\/boracultura.com.br\/wp-content\/uploads\/2026\/01\/Salvador-em-Serenata-foto-Augusto-Hessel-001-800x445.jpg",800,445,true],"colormag-default-news":["https:\/\/boracultura.com.br\/wp-content\/uploads\/2026\/01\/Salvador-em-Serenata-foto-Augusto-Hessel-001-150x150.jpg",150,150,true],"colormag-featured-image-large":["https:\/\/boracultura.com.br\/wp-content\/uploads\/2026\/01\/Salvador-em-Serenata-foto-Augusto-Hessel-001-1400x600.jpg",1400,600,true],"colormag-elementor-block-extra-large-thumbnail":["https:\/\/boracultura.com.br\/wp-content\/uploads\/2026\/01\/Salvador-em-Serenata-foto-Augusto-Hessel-001-1155x480.jpg",1155,480,true],"colormag-elementor-grid-large-thumbnail":["https:\/\/boracultura.com.br\/wp-content\/uploads\/2026\/01\/Salvador-em-Serenata-foto-Augusto-Hessel-001-600x417.jpg",600,417,true],"colormag-elementor-grid-small-thumbnail":["https:\/\/boracultura.com.br\/wp-content\/uploads\/2026\/01\/Salvador-em-Serenata-foto-Augusto-Hessel-001-285x450.jpg",285,450,true],"colormag-elementor-grid-medium-large-thumbnail":["https:\/\/boracultura.com.br\/wp-content\/uploads\/2026\/01\/Salvador-em-Serenata-foto-Augusto-Hessel-001-575x198.jpg",575,198,true],"psacp-medium":["https:\/\/boracultura.com.br\/wp-content\/uploads\/2026\/01\/Salvador-em-Serenata-foto-Augusto-Hessel-001-scaled.jpg",500,377,false]},"rttpg_author":{"display_name":"boracultura@gmail.com","author_link":"https:\/\/boracultura.com.br\/index.php\/author\/boraculturagmail-com\/"},"rttpg_comment":0,"rttpg_category":"<a href=\"https:\/\/boracultura.com.br\/index.php\/category\/noticias\/musica\/\" rel=\"category tag\">M\u00fasica<\/a> <a href=\"https:\/\/boracultura.com.br\/index.php\/category\/noticias\/\" rel=\"category tag\">Not\u00edcias<\/a>","rttpg_excerpt":"O ver\u00e3o em Salvador ganha um cap\u00edtulo especial de poesia e m\u00fasica no&nbsp;domingo, 11 de janeiro de 2026, com a","_links":{"self":[{"href":"https:\/\/boracultura.com.br\/index.php\/wp-json\/wp\/v2\/posts\/353","targetHints":{"allow":["GET"]}}],"collection":[{"href":"https:\/\/boracultura.com.br\/index.php\/wp-json\/wp\/v2\/posts"}],"about":[{"href":"https:\/\/boracultura.com.br\/index.php\/wp-json\/wp\/v2\/types\/post"}],"author":[{"embeddable":true,"href":"https:\/\/boracultura.com.br\/index.php\/wp-json\/wp\/v2\/users\/1"}],"replies":[{"embeddable":true,"href":"https:\/\/boracultura.com.br\/index.php\/wp-json\/wp\/v2\/comments?post=353"}],"version-history":[{"count":2,"href":"https:\/\/boracultura.com.br\/index.php\/wp-json\/wp\/v2\/posts\/353\/revisions"}],"predecessor-version":[{"id":371,"href":"https:\/\/boracultura.com.br\/index.php\/wp-json\/wp\/v2\/posts\/353\/revisions\/371"}],"wp:featuredmedia":[{"embeddable":true,"href":"https:\/\/boracultura.com.br\/index.php\/wp-json\/wp\/v2\/media\/360"}],"wp:attachment":[{"href":"https:\/\/boracultura.com.br\/index.php\/wp-json\/wp\/v2\/media?parent=353"}],"wp:term":[{"taxonomy":"category","embeddable":true,"href":"https:\/\/boracultura.com.br\/index.php\/wp-json\/wp\/v2\/categories?post=353"},{"taxonomy":"post_tag","embeddable":true,"href":"https:\/\/boracultura.com.br\/index.php\/wp-json\/wp\/v2\/tags?post=353"}],"curies":[{"name":"wp","href":"https:\/\/api.w.org\/{rel}","templated":true}]}}