{"id":383,"date":"2026-01-07T23:04:24","date_gmt":"2026-01-08T02:04:24","guid":{"rendered":"https:\/\/boracultura.com.br\/?p=383"},"modified":"2026-01-13T00:13:09","modified_gmt":"2026-01-13T03:13:09","slug":"coletivo-duo-reestreia-o-espetaculo-macbethricardoiii-um-tratado-de-vilania-no-cine-teatro-02-de-julho","status":"publish","type":"post","link":"https:\/\/boracultura.com.br\/index.php\/2026\/01\/07\/coletivo-duo-reestreia-o-espetaculo-macbethricardoiii-um-tratado-de-vilania-no-cine-teatro-02-de-julho\/","title":{"rendered":"Coletivo DUO reestreia o espet\u00e1culo \u201cMacbethRicardoIII \u2013 Um Tratado de Vilania\u201d no\u00a0 Cine Teatro 02 de Julho"},"content":{"rendered":"\n<p>De 29 de janeiro a 01 de fevereiro, o Coletivo DUO apresenta uma nova temporada do espet\u00e1culo <em>MacbethRicardoIII \u2013 Um Tratado de Vilania<\/em>, obra que promove o encontro improv\u00e1vel entre dois dos mais emblem\u00e1ticos tiranos da dramaturgia shakespeariana. As apresenta\u00e7\u00f5es acontecem no Cine Teatro 02 de Julho, dias 29, 30 e 31, \u00e0s 20h, e dia 01\/02, \u00e0s 19h, com classifica\u00e7\u00e3o indicativa de 16 anos, colocando novamente em cena um embate ideol\u00f3gico e simb\u00f3lico sobre as estrat\u00e9gias de conquista, manuten\u00e7\u00e3o e perpetua\u00e7\u00e3o do poder.<\/p>\n\n\n\n<p>Dois monarcas, dois tiranos, Macbeth e Ricardo III, se encontram inesperadamente \u2014 e ao mesmo tempo \u2014 em um lugar ermo e atemporal. A partir desse encontro fict\u00edcio, inicia-se um confronto de discursos, pr\u00e1ticas e habilidades vil\u00e2nicas, no qual cada um exp\u00f5e suas for\u00e7as e fragilidades, revelando as engrenagens que sustentam sistemas de domina\u00e7\u00e3o. O di\u00e1logo direto, cortante e perturbador revela que, embora os ideais pare\u00e7am distintos, os meios utilizados para alcan\u00e7ar o poder s\u00e3o assustadoramente semelhantes.<\/p>\n\n\n\n<p>Em cena, os atores Israel Barretto e Saulus Castro &#8211; ambos integrantes do Coletivo DUO &#8211; d\u00e3o corpo e voz a essas figuras hist\u00f3ricas e simb\u00f3licas, sob a encena\u00e7\u00e3o de Rino Carvalho e dramaturgia in\u00e9dita de Paulo Atto. O espet\u00e1culo parte da fus\u00e3o de duas obras de Shakespeare \u2014 <em>Macbeth<\/em> e <em>Ricardo III<\/em> \u2014 para refletir sobre o presente, colocando em perspectiva as viol\u00eancias pol\u00edticas, os discursos autorit\u00e1rios e os mecanismos de opress\u00e3o que atravessam diferentes tempos e sociedades e fragilizam as democracias.<\/p>\n\n\n\n<p>Selecionado no Pr\u00eamio FUNARTE de Est\u00edmulo ao Teatro 2022, tendo sua primeira temporada realizada em 2023, <em>MacbethRicardoIII \u2013 Um Tratado de Vilania<\/em> nasce em um contexto de profundas tens\u00f5es pol\u00edticas e sociais no Brasil e no mundo. A obra investiga como projetos de poder que parecem pertencer ao passado reaparecem no contempor\u00e2neo, sustentados pela hierarquiza\u00e7\u00e3o dos corpos, pela naturaliza\u00e7\u00e3o da viol\u00eancia e pela manuten\u00e7\u00e3o de estruturas opressoras.&nbsp;<\/p>\n\n\n\n<p>Ao trazer \u00e0 cena dois tiranos hist\u00f3ricos, o espet\u00e1culo evidencia que toda hist\u00f3ria social \u00e9, tamb\u00e9m, uma hist\u00f3ria de conquista e perpetua\u00e7\u00e3o do poder. O dramaturgo Paulo Atto contextualiza que \u201c\u00e9 um tempo de muitos Macbeths e Ricardos, com indument\u00e1rias e discursos aparentemente diferentes, que no fundo possuem terr\u00edveis coincid\u00eancias. E \u00e9 a partir deste lugar que pegamos a obra de Shakespeare como ponto de partida&#8221;, destaca.<\/p>\n\n\n\n<p><em>MacbethRicardoIII \u2013 Um Tratado de Vilania <\/em>\u00e9 a obra mais recente produzida pelo DUO, coletivo que em suas montagens e projetos busca estar sempre conectado com sua realidade e tem\u00e1ticas pol\u00edtico-sociais. &#8220;Macbeth e Ricardo III s\u00e3o dois improv\u00e1veis reis que tudo destroem, violentam, corrompem para atingir seu objetivo: o poder. Os ideais s\u00e3o, aparentemente, diferentes, os meios coincidem. Shakespeare \u00e9 uma mola propulsora para abordarmos nossa realidade&#8221;, enfatiza Saulus Castro.&nbsp;<\/p>\n\n\n\n<p>A encena\u00e7\u00e3o de Rino Carvalho constr\u00f3i um espa\u00e7o c\u00eanico que funciona como um labirinto ass\u00e9ptico e cl\u00ednico, concebido por Lucimaureen Agra em parceria com o diretor. Nesse ambiente, os personagens n\u00e3o encontram ref\u00fagio: exp\u00f5em sem pudor seus m\u00e9todos, discursos e ambi\u00e7\u00f5es. O branco dominante \u00e9 violentado pelo vermelho \u2014 marca incontorn\u00e1vel do sangue derramado em nome do poder. Caveiras, corredores e proje\u00e7\u00f5es audiovisuais criam um percurso simb\u00f3lico onde os reis se reconhecem como espelho um do outro, mas tamb\u00e9m como obst\u00e1culo.<\/p>\n\n\n\n<p>Para potencializar a narrativa, o espet\u00e1culo utiliza proje\u00e7\u00f5es e camadas audiovisuais desenvolvidas pela Oficina de Pixel, que interferem na cena como rastros de a\u00e7\u00f5es passadas e futuras, borrando o tempo e refor\u00e7ando a ideia de repeti\u00e7\u00e3o hist\u00f3rica, com os fantasmas e sombras que atormentam as personagens. A trilha sonora original, assinada por Luciano Salvador Bahia, e a ilumina\u00e7\u00e3o de Fred Alvim, acentuam o clima de tens\u00e3o, clausura e enfrentamento.<\/p>\n\n\n\n<p>Mais do que um encontro entre personagens cl\u00e1ssicos, <em>MacbethRicardoIII \u2013 Um Tratado de Vilania<\/em> prop\u00f5e um espelhamento inc\u00f4modo da realidade contempor\u00e2nea. Em um tempo de muitos Macbeths e Ricardos, com discursos distintos e pr\u00e1ticas semelhantes, o espet\u00e1culo convida o p\u00fablico a refletir sobre os limites \u00e9ticos do poder, sobre a banaliza\u00e7\u00e3o da viol\u00eancia e sobre as ru\u00ednas humanas deixadas por projetos autorit\u00e1rios.<\/p>\n\n\n\n<h4 class=\"wp-block-heading\"><strong>SERVI\u00c7O<\/strong><br>Espet\u00e1culo: <em>MacbethRicardoIII \u2013 Um Tratado de Vilania<br><\/em>Temporada: 29 de janeiro a 01 de fevereiro<br>Local: Cine Teatro 02 de Julho<br>Hor\u00e1rio: 29, 30 e 31\/01 \u00e0s 20h | 01\/02 \u00e0s 19h<br>Ingressos: R$ 60 (inteira) | R$ 30 (meia)<br>Venda: Bilheteria do Cine de Julho e Sympla (<a href=\"https:\/\/www.sympla.com.br\/evento\/macbethricardoiii-um-tratado-de-vilania\/3269081\">Link venda de ingressos SYMPLA<\/a>)<br>Classifica\u00e7\u00e3o indicativa: 16 anos<br>Promo\u00e7\u00e3o: p\u00fablico vestido de branco ganha 50% de desconto no valor da inteira<br>*Estacionamento no local<\/h4>\n\n\n\n<h4 class=\"wp-block-heading\"><strong>Ficha T\u00e9cnica<\/strong><br>Encena\u00e7\u00e3o: Rino Carvalho<br>Atuantes: Israel Barretto e Saulus Castro<br>Dramaturgia: Paulo Atto<br>Cenografia \/ Figurino \/ Adere\u00e7os: Lucimaureen Agra e Rino Carvalho<br>Trilha sonora original: Luciano Salvador Bahia<br>Ilumina\u00e7\u00e3o: Fred Alvim<br>Projeto Audiovisual: Oficina de Pixel<br>Costura: Lucimaureen Agra, C\u00e1ssia Ferreira e Socorro Pereira<br>Cenotecnia: Almiro; Gonzaga Gama e Gilson<br>Confec\u00e7\u00e3o e ajudante de cen\u00e1rio: Lucimaureen Agra<br>Confec\u00e7\u00e3o de adere\u00e7os: Lucimaureen Agra<br>Coordena\u00e7\u00e3o de COmunica\u00e7\u00e3o: ZumZumZum Comunica\u00e7\u00e3o<br>Design gr\u00e1fico \/ Teaser \/ Spot: James Barretto<br>Assessoria de imprensa: Rafael Brito<br>Fotografia: Diney Ara\u00fajo<br>Produ\u00e7\u00e3o e Realiza\u00e7\u00e3o: Coletivo DUO<\/h4>\n\n\n\n<p><em>Foto: Diney Ara\u00fajo\/ Divulga\u00e7\u00e3o<\/em><\/p>\n\n\n\n<p><\/p>\n","protected":false},"excerpt":{"rendered":"<p>De 29 de janeiro a 01 de fevereiro, o Coletivo DUO apresenta uma nova temporada do espet\u00e1culo MacbethRicardoIII \u2013 Um<\/p>\n","protected":false},"author":1,"featured_media":384,"comment_status":"open","ping_status":"open","sticky":false,"template":"","format":"standard","meta":{"colormag_page_container_layout":"default_layout","colormag_page_sidebar_layout":"default_layout","footnotes":""},"categories":[8,46],"tags":[68,67],"class_list":["post-383","post","type-post","status-publish","format-standard","has-post-thumbnail","hentry","category-noticias","category-teatro","tag-coletivo-duo","tag-macbethricardoiii"],"rttpg_featured_image_url":{"full":["https:\/\/boracultura.com.br\/wp-content\/uploads\/2026\/01\/IMG_1741-scaled.jpg",2560,1706,false],"landscape":["https:\/\/boracultura.com.br\/wp-content\/uploads\/2026\/01\/IMG_1741-scaled.jpg",2560,1706,false],"portraits":["https:\/\/boracultura.com.br\/wp-content\/uploads\/2026\/01\/IMG_1741-scaled.jpg",2560,1706,false],"thumbnail":["https:\/\/boracultura.com.br\/wp-content\/uploads\/2026\/01\/IMG_1741-150x150.jpg",150,150,true],"medium":["https:\/\/boracultura.com.br\/wp-content\/uploads\/2026\/01\/IMG_1741-300x200.jpg",300,200,true],"large":["https:\/\/boracultura.com.br\/wp-content\/uploads\/2026\/01\/IMG_1741-1024x683.jpg",800,534,true],"1536x1536":["https:\/\/boracultura.com.br\/wp-content\/uploads\/2026\/01\/IMG_1741-1536x1024.jpg",1536,1024,true],"2048x2048":["https:\/\/boracultura.com.br\/wp-content\/uploads\/2026\/01\/IMG_1741-2048x1365.jpg",2048,1365,true],"colormag-highlighted-post":["https:\/\/boracultura.com.br\/wp-content\/uploads\/2026\/01\/IMG_1741-392x272.jpg",392,272,true],"colormag-featured-post-medium":["https:\/\/boracultura.com.br\/wp-content\/uploads\/2026\/01\/IMG_1741-390x205.jpg",390,205,true],"colormag-featured-post-small":["https:\/\/boracultura.com.br\/wp-content\/uploads\/2026\/01\/IMG_1741-130x90.jpg",130,90,true],"colormag-featured-image":["https:\/\/boracultura.com.br\/wp-content\/uploads\/2026\/01\/IMG_1741-800x445.jpg",800,445,true],"colormag-default-news":["https:\/\/boracultura.com.br\/wp-content\/uploads\/2026\/01\/IMG_1741-150x150.jpg",150,150,true],"colormag-featured-image-large":["https:\/\/boracultura.com.br\/wp-content\/uploads\/2026\/01\/IMG_1741-1400x600.jpg",1400,600,true],"colormag-elementor-block-extra-large-thumbnail":["https:\/\/boracultura.com.br\/wp-content\/uploads\/2026\/01\/IMG_1741-1155x480.jpg",1155,480,true],"colormag-elementor-grid-large-thumbnail":["https:\/\/boracultura.com.br\/wp-content\/uploads\/2026\/01\/IMG_1741-600x417.jpg",600,417,true],"colormag-elementor-grid-small-thumbnail":["https:\/\/boracultura.com.br\/wp-content\/uploads\/2026\/01\/IMG_1741-285x450.jpg",285,450,true],"colormag-elementor-grid-medium-large-thumbnail":["https:\/\/boracultura.com.br\/wp-content\/uploads\/2026\/01\/IMG_1741-575x198.jpg",575,198,true],"psacp-medium":["https:\/\/boracultura.com.br\/wp-content\/uploads\/2026\/01\/IMG_1741-scaled.jpg",500,333,false]},"rttpg_author":{"display_name":"boracultura@gmail.com","author_link":"https:\/\/boracultura.com.br\/index.php\/author\/boraculturagmail-com\/"},"rttpg_comment":0,"rttpg_category":"<a href=\"https:\/\/boracultura.com.br\/index.php\/category\/noticias\/\" rel=\"category tag\">Not\u00edcias<\/a> <a href=\"https:\/\/boracultura.com.br\/index.php\/category\/noticias\/teatro\/\" rel=\"category tag\">Teatro<\/a>","rttpg_excerpt":"De 29 de janeiro a 01 de fevereiro, o Coletivo DUO apresenta uma nova temporada do espet\u00e1culo MacbethRicardoIII \u2013 Um","_links":{"self":[{"href":"https:\/\/boracultura.com.br\/index.php\/wp-json\/wp\/v2\/posts\/383","targetHints":{"allow":["GET"]}}],"collection":[{"href":"https:\/\/boracultura.com.br\/index.php\/wp-json\/wp\/v2\/posts"}],"about":[{"href":"https:\/\/boracultura.com.br\/index.php\/wp-json\/wp\/v2\/types\/post"}],"author":[{"embeddable":true,"href":"https:\/\/boracultura.com.br\/index.php\/wp-json\/wp\/v2\/users\/1"}],"replies":[{"embeddable":true,"href":"https:\/\/boracultura.com.br\/index.php\/wp-json\/wp\/v2\/comments?post=383"}],"version-history":[{"count":1,"href":"https:\/\/boracultura.com.br\/index.php\/wp-json\/wp\/v2\/posts\/383\/revisions"}],"predecessor-version":[{"id":385,"href":"https:\/\/boracultura.com.br\/index.php\/wp-json\/wp\/v2\/posts\/383\/revisions\/385"}],"wp:featuredmedia":[{"embeddable":true,"href":"https:\/\/boracultura.com.br\/index.php\/wp-json\/wp\/v2\/media\/384"}],"wp:attachment":[{"href":"https:\/\/boracultura.com.br\/index.php\/wp-json\/wp\/v2\/media?parent=383"}],"wp:term":[{"taxonomy":"category","embeddable":true,"href":"https:\/\/boracultura.com.br\/index.php\/wp-json\/wp\/v2\/categories?post=383"},{"taxonomy":"post_tag","embeddable":true,"href":"https:\/\/boracultura.com.br\/index.php\/wp-json\/wp\/v2\/tags?post=383"}],"curies":[{"name":"wp","href":"https:\/\/api.w.org\/{rel}","templated":true}]}}