{"id":463,"date":"2026-01-12T23:45:06","date_gmt":"2026-01-13T02:45:06","guid":{"rendered":"https:\/\/boracultura.com.br\/?p=463"},"modified":"2026-01-12T23:45:08","modified_gmt":"2026-01-13T02:45:08","slug":"enxaguada-de-yemanja-2026-tera-carlinhos-brown-timbalada-margareth-menezes-marienne-de-castro-escandurras-e-nelson-rufino","status":"publish","type":"post","link":"https:\/\/boracultura.com.br\/index.php\/2026\/01\/12\/enxaguada-de-yemanja-2026-tera-carlinhos-brown-timbalada-margareth-menezes-marienne-de-castro-escandurras-e-nelson-rufino\/","title":{"rendered":"Enxaguada de Yemanj\u00e1 2026 ter\u00e1 Carlinhos Brown, Timbalada, Margareth Menezes, Marienne de Castro, Escandurras e Nelson Rufino"},"content":{"rendered":"\n<p>No tradicional dia 2 de fevereiro, Salvador vai viver mais uma edi\u00e7\u00e3o de um dos eventos mais simb\u00f3licos e emocionantes do ver\u00e3o baiano. Sob o comando de Carlinhos Brown, a&nbsp;<strong>Enxaguada de Yemanj\u00e1 2026 (@enxaguadadeyemanja)<\/strong>&nbsp;presta um tributo \u00e0 Rainha do Mar com as participa\u00e7\u00f5es da Timbalada, Margareth Menezes, Marienne de Castro, Escandurras e Nelson Rufino, a partir das 15 h, na&nbsp;<strong>Vila Caramuru<\/strong>, no Rio Vermelho.&nbsp;Uma experi\u00eancia \u00fanica em que a&nbsp;<strong>f\u00e9, arte e m\u00fasica se unem<\/strong>&nbsp;em um s\u00f3 movimento.<\/p>\n\n\n\n<p><strong>INGRESSOS<\/strong><br>Garanta a sua presen\u00e7a em uma das festas mais desejadas da temporada. Os ingressos j\u00e1 est\u00e3o dispon\u00edveis para compra pelo site da\u00a0<strong>Bilheteria Digital<\/strong>\u00a0e no posto de venda direta no\u00a0<strong>Balc\u00e3o de Ingressos Bahia<\/strong>, no Shopping Barra, sem taxa de servi\u00e7o. A festa \u00e9 uma realiza\u00e7\u00e3o da Foco Entretenimento, \u00cdRIS Produ\u00e7\u00f5es e Candyall.<\/p>\n\n\n\n<p><strong>RITUAL COLETIVO<\/strong><br>Mais do que um show, h\u00e1 sete anos edi\u00e7\u00f5es a Enxaguada de Yemanj\u00e1 \u00e9 um rito de renova\u00e7\u00e3o e agradecimento. Um tributo\u00a0\u00e0\u00a0<strong>ancestralidade<\/strong>\u00a0e \u00e0\u00a0<strong>for\u00e7a da cultura afro-brasileira<\/strong>.\u00a0No palco, Carlinhos Brown e seus convidados celebram a vida em um espet\u00e1culo carregado de emo\u00e7\u00e3o, ax\u00e9 e simbologia.\u00a0Ao som dos tambores, da dan\u00e7a e da m\u00fasica, o p\u00fablico se conecta \u00e0 energia do mar e \u00e0 espiritualidade que marca o dia dedicado a Iemanj\u00e1.<\/p>\n\n\n\n<p>Desde sua primeira edi\u00e7\u00e3o, em 2017, a Enxaguada consolidou-se como um encontro singular entre m\u00fasica, f\u00e9 e identidade cultural. Ao longo dos anos, a festa se tornou um verdadeiro ritual coletivo, reunindo p\u00fablico e artistas em uma celebra\u00e7\u00e3o que vai al\u00e9m do palco. A festa entrou para a hist\u00f3ria ao integrar as comemora\u00e7\u00f5es com apresenta\u00e7\u00f5es memor\u00e1veis de Carlinhos Brown e seus convidados.<\/p>\n\n\n\n<p><strong>O ESPA\u00c7O<\/strong><br>No Rio Vermelho, bairro em que est\u00e1 localizada a Casa de Iemanj\u00e1, a\u00a0<strong>Vila Caramuru<\/strong>\u00a0\u00e9 um perfeita para uma grande homenagem \u00e0 Rainha do Mar. Um espa\u00e7o rodeado pelo mar e com uma estrutura especialmente planejada para garantir conforto, acessibilidade e uma experi\u00eancia sensorial \u00fanica.<\/p>\n\n\n\n<p>O&nbsp;<strong>Camarote Odoy\u00e1<\/strong>&nbsp;\u00e9 o espa\u00e7o premium da celebra\u00e7\u00e3o, oferecendo vista privilegiada para o palco, banheiros climatizados, bar exclusivo e um dos mais belos pores do sol de Salvador \u2014 ideal para quem deseja vivenciar a magia da Enxaguada com mais conforto.<\/p>\n\n\n\n<p>J\u00e1 o&nbsp;<strong>Lounge Vista Mar<\/strong>&nbsp;proporciona uma experi\u00eancia mais intimista, com p\u00eder \u00e0 beira-mar, banheiros climatizados e servi\u00e7o de bar, perfeito para quem quer celebrar em contato direto com as \u00e1guas que inspiram Yemanj\u00e1.<\/p>\n\n\n\n<p>O evento contar\u00e1 ainda com&nbsp;<strong>espa\u00e7o reservado para pessoas com defici\u00eancia (PCDs)<\/strong>, reafirmando o compromisso da Enxaguada com a acessibilidade, a inclus\u00e3o e o respeito \u00e0 diversidade.<\/p>\n\n\n\n<p><strong>SERVI\u00c7O<\/strong><br><strong>Enxaguada de Yemanj\u00e1 \u2013 8\u00aa Edi\u00e7\u00e3o<\/strong><br><strong>Atra\u00e7\u00e3o:<\/strong>\u00a0Carlinhos Brown &amp; Convidados<br><strong>Data:<\/strong>\u00a02 de fevereiro de 2026<br><strong>Local:<\/strong>\u00a0Vila Caramuru \u2013 Rio Vermelho, Salvador<br><strong>Ingressos: Bilheteria Digital<\/strong>\u00a0e\u00a0<strong>Balc\u00e3o de Ingressos Bahia<\/strong>, no Shopping Barra<br><strong>Realiza\u00e7\u00e3o:<\/strong>\u00a0Foco Entretenimento, \u00cdRIS Produ\u00e7\u00f5es e Candyall Entertainment<br><strong>Classifica\u00e7\u00e3o:<\/strong>\u00a016 anos<br><strong>Acessibilidade:<\/strong>\u00a0Espa\u00e7o adaptado para PCDs<br><br><em>Foto: Hugo Louren\u00e7o\/ Divulga\u00e7\u00e3o<\/em><\/p>\n","protected":false},"excerpt":{"rendered":"<p>No tradicional dia 2 de fevereiro, Salvador vai viver mais uma edi\u00e7\u00e3o de um dos eventos mais simb\u00f3licos e emocionantes<\/p>\n","protected":false},"author":1,"featured_media":464,"comment_status":"open","ping_status":"open","sticky":false,"template":"","format":"standard","meta":{"colormag_page_container_layout":"default_layout","colormag_page_sidebar_layout":"default_layout","footnotes":""},"categories":[45,8],"tags":[74,36,22,81,79,78,76,77,75],"class_list":["post-463","post","type-post","status-publish","format-standard","has-post-thumbnail","hentry","category-musica","category-noticias","tag-carlinhos-brown","tag-cultura","tag-cultura-bahia","tag-enxaguada-de-yemanja-2026","tag-escandurras","tag-escandurras-e-nelson-rufino","tag-margareth-menezes","tag-marienne-de-castro","tag-timbalada"],"rttpg_featured_image_url":{"full":["https:\/\/boracultura.com.br\/wp-content\/uploads\/2026\/01\/Timbalada-com-Carlinhos-Brown-\u00a9HugoLourenco-135-scaled.jpg",2560,1707,false],"landscape":["https:\/\/boracultura.com.br\/wp-content\/uploads\/2026\/01\/Timbalada-com-Carlinhos-Brown-\u00a9HugoLourenco-135-scaled.jpg",2560,1707,false],"portraits":["https:\/\/boracultura.com.br\/wp-content\/uploads\/2026\/01\/Timbalada-com-Carlinhos-Brown-\u00a9HugoLourenco-135-scaled.jpg",2560,1707,false],"thumbnail":["https:\/\/boracultura.com.br\/wp-content\/uploads\/2026\/01\/Timbalada-com-Carlinhos-Brown-\u00a9HugoLourenco-135-150x150.jpg",150,150,true],"medium":["https:\/\/boracultura.com.br\/wp-content\/uploads\/2026\/01\/Timbalada-com-Carlinhos-Brown-\u00a9HugoLourenco-135-300x200.jpg",300,200,true],"large":["https:\/\/boracultura.com.br\/wp-content\/uploads\/2026\/01\/Timbalada-com-Carlinhos-Brown-\u00a9HugoLourenco-135-1024x683.jpg",800,534,true],"1536x1536":["https:\/\/boracultura.com.br\/wp-content\/uploads\/2026\/01\/Timbalada-com-Carlinhos-Brown-\u00a9HugoLourenco-135-1536x1024.jpg",1536,1024,true],"2048x2048":["https:\/\/boracultura.com.br\/wp-content\/uploads\/2026\/01\/Timbalada-com-Carlinhos-Brown-\u00a9HugoLourenco-135-2048x1365.jpg",2048,1365,true],"colormag-highlighted-post":["https:\/\/boracultura.com.br\/wp-content\/uploads\/2026\/01\/Timbalada-com-Carlinhos-Brown-\u00a9HugoLourenco-135-392x272.jpg",392,272,true],"colormag-featured-post-medium":["https:\/\/boracultura.com.br\/wp-content\/uploads\/2026\/01\/Timbalada-com-Carlinhos-Brown-\u00a9HugoLourenco-135-390x205.jpg",390,205,true],"colormag-featured-post-small":["https:\/\/boracultura.com.br\/wp-content\/uploads\/2026\/01\/Timbalada-com-Carlinhos-Brown-\u00a9HugoLourenco-135-130x90.jpg",130,90,true],"colormag-featured-image":["https:\/\/boracultura.com.br\/wp-content\/uploads\/2026\/01\/Timbalada-com-Carlinhos-Brown-\u00a9HugoLourenco-135-800x445.jpg",800,445,true],"colormag-default-news":["https:\/\/boracultura.com.br\/wp-content\/uploads\/2026\/01\/Timbalada-com-Carlinhos-Brown-\u00a9HugoLourenco-135-150x150.jpg",150,150,true],"colormag-featured-image-large":["https:\/\/boracultura.com.br\/wp-content\/uploads\/2026\/01\/Timbalada-com-Carlinhos-Brown-\u00a9HugoLourenco-135-1400x600.jpg",1400,600,true],"colormag-elementor-block-extra-large-thumbnail":["https:\/\/boracultura.com.br\/wp-content\/uploads\/2026\/01\/Timbalada-com-Carlinhos-Brown-\u00a9HugoLourenco-135-1155x480.jpg",1155,480,true],"colormag-elementor-grid-large-thumbnail":["https:\/\/boracultura.com.br\/wp-content\/uploads\/2026\/01\/Timbalada-com-Carlinhos-Brown-\u00a9HugoLourenco-135-600x417.jpg",600,417,true],"colormag-elementor-grid-small-thumbnail":["https:\/\/boracultura.com.br\/wp-content\/uploads\/2026\/01\/Timbalada-com-Carlinhos-Brown-\u00a9HugoLourenco-135-285x450.jpg",285,450,true],"colormag-elementor-grid-medium-large-thumbnail":["https:\/\/boracultura.com.br\/wp-content\/uploads\/2026\/01\/Timbalada-com-Carlinhos-Brown-\u00a9HugoLourenco-135-575x198.jpg",575,198,true],"psacp-medium":["https:\/\/boracultura.com.br\/wp-content\/uploads\/2026\/01\/Timbalada-com-Carlinhos-Brown-\u00a9HugoLourenco-135-scaled.jpg",500,333,false]},"rttpg_author":{"display_name":"boracultura@gmail.com","author_link":"https:\/\/boracultura.com.br\/index.php\/author\/boraculturagmail-com\/"},"rttpg_comment":0,"rttpg_category":"<a href=\"https:\/\/boracultura.com.br\/index.php\/category\/noticias\/musica\/\" rel=\"category tag\">M\u00fasica<\/a> <a href=\"https:\/\/boracultura.com.br\/index.php\/category\/noticias\/\" rel=\"category tag\">Not\u00edcias<\/a>","rttpg_excerpt":"No tradicional dia 2 de fevereiro, Salvador vai viver mais uma edi\u00e7\u00e3o de um dos eventos mais simb\u00f3licos e emocionantes","_links":{"self":[{"href":"https:\/\/boracultura.com.br\/index.php\/wp-json\/wp\/v2\/posts\/463","targetHints":{"allow":["GET"]}}],"collection":[{"href":"https:\/\/boracultura.com.br\/index.php\/wp-json\/wp\/v2\/posts"}],"about":[{"href":"https:\/\/boracultura.com.br\/index.php\/wp-json\/wp\/v2\/types\/post"}],"author":[{"embeddable":true,"href":"https:\/\/boracultura.com.br\/index.php\/wp-json\/wp\/v2\/users\/1"}],"replies":[{"embeddable":true,"href":"https:\/\/boracultura.com.br\/index.php\/wp-json\/wp\/v2\/comments?post=463"}],"version-history":[{"count":1,"href":"https:\/\/boracultura.com.br\/index.php\/wp-json\/wp\/v2\/posts\/463\/revisions"}],"predecessor-version":[{"id":465,"href":"https:\/\/boracultura.com.br\/index.php\/wp-json\/wp\/v2\/posts\/463\/revisions\/465"}],"wp:featuredmedia":[{"embeddable":true,"href":"https:\/\/boracultura.com.br\/index.php\/wp-json\/wp\/v2\/media\/464"}],"wp:attachment":[{"href":"https:\/\/boracultura.com.br\/index.php\/wp-json\/wp\/v2\/media?parent=463"}],"wp:term":[{"taxonomy":"category","embeddable":true,"href":"https:\/\/boracultura.com.br\/index.php\/wp-json\/wp\/v2\/categories?post=463"},{"taxonomy":"post_tag","embeddable":true,"href":"https:\/\/boracultura.com.br\/index.php\/wp-json\/wp\/v2\/tags?post=463"}],"curies":[{"name":"wp","href":"https:\/\/api.w.org\/{rel}","templated":true}]}}