{"id":699,"date":"2026-01-15T07:23:19","date_gmt":"2026-01-15T10:23:19","guid":{"rendered":"https:\/\/boracultura.com.br\/?p=699"},"modified":"2026-01-15T13:09:43","modified_gmt":"2026-01-15T16:09:43","slug":"paroano-sai-milho-sauda-o-senhor-do-bonfim-em-show-especial-na-varanda-do-sesi-rio-vermelho","status":"publish","type":"post","link":"https:\/\/boracultura.com.br\/index.php\/2026\/01\/15\/paroano-sai-milho-sauda-o-senhor-do-bonfim-em-show-especial-na-varanda-do-sesi-rio-vermelho\/","title":{"rendered":"Paroano Sai Milh\u00f3 sa\u00fada o Senhor do Bonfim em show especial na Varanda do SESI Rio Vermelho"},"content":{"rendered":"\n<p>No dia do show a camisa do carnaval 2026 do Paroano ser\u00e1 lan\u00e7ada e estar\u00e1 \u00e0 venda por R$70<\/p>\n\n\n\n<p>O ano de 2026 come\u00e7a em clima de f\u00e9, tradi\u00e7\u00e3o e alegria com o show&nbsp;&#8220;Paroano Sai Milh\u00f3 sa\u00fada o Senhor do Bonfim&#8221;, que acontece na&nbsp;quinta-feira, 15 de janeiro, \u00e0s&nbsp;21h, na&nbsp;Varanda do SESI Rio Vermelho, em Salvador. \u00cdcone do carnaval baiano, o bloco&nbsp;Paroano Sai Milh\u00f3&nbsp;convida o p\u00fablico para uma noite de celebra\u00e7\u00e3o marcada pelas can\u00e7\u00f5es que atravessam gera\u00e7\u00f5es e traduzem a ess\u00eancia da cultura popular da Bahia.<\/p>\n\n\n\n<p>A apresenta\u00e7\u00e3o presta homenagem ao&nbsp;Senhor do Bonfim da Bahia, unindo religiosidade, m\u00fasica e mem\u00f3ria afetiva. No repert\u00f3rio, marchinhas tradicionais, cl\u00e1ssicos da m\u00fasica popular brasileira e sucessos que fazem parte da hist\u00f3ria do grupo, como&nbsp;&#8220;\u00c9 Hoje&#8221;,&nbsp;&#8220;Zanzibar&#8221;,&nbsp;&#8220;S\u00e3o Tantos Anos&#8221;,&nbsp;&#8220;Madalena&#8221;&nbsp;e&nbsp;&#8220;Fogo e Paix\u00e3o&#8221;, conduzindo o p\u00fablico a uma verdadeira viagem pela trajet\u00f3ria do Paroano.<\/p>\n\n\n\n<p>Fundado em&nbsp;fevereiro de 1964&nbsp;por&nbsp;Ant\u00f4nio Carlos Mascarenhas, o saudoso Janj\u00e3o, o Paroano Sai Milh\u00f3 \u00e9 reconhecido como uma das maiores joias do carnaval baiano. Com uma proposta singular \u2014 sem trio el\u00e9trico, sem cordas e com forte intera\u00e7\u00e3o com o p\u00fablico \u2014 o grupo preserva a ess\u00eancia da folia de rua, baseada na proximidade, no canto coletivo e na celebra\u00e7\u00e3o espont\u00e2nea.<\/p>\n\n\n\n<p>Formado atualmente por&nbsp;17 integrantes&nbsp;de diferentes origens e viv\u00eancias, o Paroano reflete a diversidade cultural e social da Bahia, transformando essa pluralidade em m\u00fasica e alegria. Ao longo de seus mais de&nbsp;60 anos de hist\u00f3ria, o grupo consolidou-se como s\u00edmbolo de resist\u00eancia cultural, marcando presen\u00e7a n\u00e3o apenas no Carnaval, mas tamb\u00e9m em celebra\u00e7\u00f5es como&nbsp;S\u00e3o Jo\u00e3o, 2 de Julho e Natal.<\/p>\n\n\n\n<p>O Paroano possui&nbsp;quatro CDs gravados, sendo o mais recente,&nbsp;<em>&#8220;Paroanizar o Que H\u00e1 de Bom&#8221;<\/em>&nbsp;(2007), al\u00e9m de ter sua trajet\u00f3ria registrada no livro&nbsp;<em>&#8220;Paroano Sai Milh\u00f3 \u2013 Hist\u00f3rias de Amor \u00e0 M\u00fasica, \u00e0 Alegria, \u00e0s Cores e \u00e0 Vida&#8221;<\/em>, escrito por&nbsp;Archibaldo Daltro Barreto Filho (Quico). Em&nbsp;2024, o grupo alcan\u00e7ou um marco hist\u00f3rico ao se tornar oficialmente o&nbsp;grupo vocal mais antigo em atividade na Bahia, reafirmando seu compromisso com a preserva\u00e7\u00e3o da m\u00fasica popular brasileira.<\/p>\n\n\n\n<p>O&nbsp;couvert art\u00edstico individual custa R$ 100,00, com op\u00e7\u00e3o de&nbsp;casadinha por R$ 160,00. As mesas s\u00e3o compartilhadas, com&nbsp;quatro lugares, e as reservas devem ser feitas antecipadamente pelo WhatsApp.<\/p>\n\n\n\n<p>O evento \u00e9 uma parceria entre&nbsp;Hessel Produ\u00e7\u00f5es,&nbsp;Doris Pinheiro Assessoria de Imprensa&nbsp;e o&nbsp;Teatro SESI Rio Vermelho \/ FIEB.<\/p>\n\n\n\n<figure class=\"wp-block-image size-large is-resized\"><img fetchpriority=\"high\" decoding=\"async\" width=\"1024\" height=\"768\" src=\"https:\/\/boracultura.com.br\/wp-content\/uploads\/2026\/01\/Camisa-Paroano-26-1024x768.jpeg\" alt=\"\" class=\"wp-image-700\" style=\"aspect-ratio:1.3333234597156398;width:447px;height:auto\" srcset=\"https:\/\/boracultura.com.br\/wp-content\/uploads\/2026\/01\/Camisa-Paroano-26-1024x768.jpeg 1024w, https:\/\/boracultura.com.br\/wp-content\/uploads\/2026\/01\/Camisa-Paroano-26-300x225.jpeg 300w, https:\/\/boracultura.com.br\/wp-content\/uploads\/2026\/01\/Camisa-Paroano-26-768x576.jpeg 768w, https:\/\/boracultura.com.br\/wp-content\/uploads\/2026\/01\/Camisa-Paroano-26-1536x1152.jpeg 1536w, https:\/\/boracultura.com.br\/wp-content\/uploads\/2026\/01\/Camisa-Paroano-26.jpeg 1600w\" sizes=\"(max-width: 1024px) 100vw, 1024px\" \/><figcaption class=\"wp-element-caption\">Camisa do Evento<\/figcaption><\/figure>\n\n\n\n<p><strong>SERVI\u00c7O<\/strong><br><strong>O qu\u00ea:<\/strong>\u00a0Show\u00a0<em>Paroano Sai Milh\u00f3 sa\u00fada o Senhor do Bonfim<\/em><br><strong>Quando:<\/strong>\u00a015 de janeiro de 2026 (quinta-feira)<br><strong>Hor\u00e1rio:<\/strong>\u00a021h<br><strong>Onde:<\/strong>\u00a0Varanda do SESI Rio Vermelho<br><strong>Endere\u00e7o:<\/strong>\u00a0Rua Borges dos Reis, 09 \u2013 Rio Vermelho \u2013 Salvador (BA)<br><strong>Couvert art\u00edstico:<\/strong>\u00a0R$ 100,00 (individual)<br><strong>Casadinha:<\/strong>\u00a0R$ 160,00<br><strong>Informa\u00e7\u00f5es e reservas de mesas:<\/strong>\u00a0Tel\/WhatsApp (71) 9 9160-9140<br><strong>Assessoria de imprensa:<\/strong>\u00a0Eric Delgoffe \/ Doris Pinheiro \u2013 (71) 98896-5016<br><strong>Parceria:<\/strong>\u00a0Hessel Produ\u00e7\u00f5es, Doris Pinheiro Assessoria de Imprensa e Teatro SESI Rio Vermelho \/ FIEB<\/p>\n\n\n\n<p><\/p>\n","protected":false},"excerpt":{"rendered":"<p>No dia do show a camisa do carnaval 2026 do Paroano ser\u00e1 lan\u00e7ada e estar\u00e1 \u00e0 venda por R$70 O<\/p>\n","protected":false},"author":1,"featured_media":701,"comment_status":"open","ping_status":"open","sticky":false,"template":"","format":"standard","meta":{"colormag_page_container_layout":"default_layout","colormag_page_sidebar_layout":"default_layout","footnotes":""},"categories":[45,8],"tags":[82,106,89,23],"class_list":["post-699","post","type-post","status-publish","format-standard","has-post-thumbnail","hentry","category-musica","category-noticias","tag-carnaval","tag-musica-2","tag-salvador","tag-teatro"],"rttpg_featured_image_url":{"full":["https:\/\/boracultura.com.br\/wp-content\/uploads\/2026\/01\/Paroano-na-Varanda-do-Sesi-foto-Tete-Marques-9-scaled-e1768493288434.jpeg",2560,1570,false],"landscape":["https:\/\/boracultura.com.br\/wp-content\/uploads\/2026\/01\/Paroano-na-Varanda-do-Sesi-foto-Tete-Marques-9-scaled-e1768493288434.jpeg",2560,1570,false],"portraits":["https:\/\/boracultura.com.br\/wp-content\/uploads\/2026\/01\/Paroano-na-Varanda-do-Sesi-foto-Tete-Marques-9-scaled-e1768493288434.jpeg",2560,1570,false],"thumbnail":["https:\/\/boracultura.com.br\/wp-content\/uploads\/2026\/01\/Paroano-na-Varanda-do-Sesi-foto-Tete-Marques-9-scaled-e1768493288434-150x150.jpeg",150,150,true],"medium":["https:\/\/boracultura.com.br\/wp-content\/uploads\/2026\/01\/Paroano-na-Varanda-do-Sesi-foto-Tete-Marques-9-scaled-e1768493288434-300x184.jpeg",300,184,true],"large":["https:\/\/boracultura.com.br\/wp-content\/uploads\/2026\/01\/Paroano-na-Varanda-do-Sesi-foto-Tete-Marques-9-scaled-e1768493288434-1024x628.jpeg",800,491,true],"1536x1536":["https:\/\/boracultura.com.br\/wp-content\/uploads\/2026\/01\/Paroano-na-Varanda-do-Sesi-foto-Tete-Marques-9-scaled-e1768493288434-1536x942.jpeg",1536,942,true],"2048x2048":["https:\/\/boracultura.com.br\/wp-content\/uploads\/2026\/01\/Paroano-na-Varanda-do-Sesi-foto-Tete-Marques-9-scaled-e1768493288434-2048x1256.jpeg",2048,1256,true],"colormag-highlighted-post":["https:\/\/boracultura.com.br\/wp-content\/uploads\/2026\/01\/Paroano-na-Varanda-do-Sesi-foto-Tete-Marques-9-scaled-e1768493288434-392x272.jpeg",392,272,true],"colormag-featured-post-medium":["https:\/\/boracultura.com.br\/wp-content\/uploads\/2026\/01\/Paroano-na-Varanda-do-Sesi-foto-Tete-Marques-9-scaled-e1768493288434-390x205.jpeg",390,205,true],"colormag-featured-post-small":["https:\/\/boracultura.com.br\/wp-content\/uploads\/2026\/01\/Paroano-na-Varanda-do-Sesi-foto-Tete-Marques-9-scaled-e1768493288434-130x90.jpeg",130,90,true],"colormag-featured-image":["https:\/\/boracultura.com.br\/wp-content\/uploads\/2026\/01\/Paroano-na-Varanda-do-Sesi-foto-Tete-Marques-9-scaled-e1768493288434-800x445.jpeg",800,445,true],"colormag-default-news":["https:\/\/boracultura.com.br\/wp-content\/uploads\/2026\/01\/Paroano-na-Varanda-do-Sesi-foto-Tete-Marques-9-scaled-e1768493288434-150x150.jpeg",150,150,true],"colormag-featured-image-large":["https:\/\/boracultura.com.br\/wp-content\/uploads\/2026\/01\/Paroano-na-Varanda-do-Sesi-foto-Tete-Marques-9-scaled-e1768493288434-1400x600.jpeg",1400,600,true],"colormag-elementor-block-extra-large-thumbnail":["https:\/\/boracultura.com.br\/wp-content\/uploads\/2026\/01\/Paroano-na-Varanda-do-Sesi-foto-Tete-Marques-9-scaled-e1768493288434-1155x480.jpeg",1155,480,true],"colormag-elementor-grid-large-thumbnail":["https:\/\/boracultura.com.br\/wp-content\/uploads\/2026\/01\/Paroano-na-Varanda-do-Sesi-foto-Tete-Marques-9-scaled-e1768493288434-600x417.jpeg",600,417,true],"colormag-elementor-grid-small-thumbnail":["https:\/\/boracultura.com.br\/wp-content\/uploads\/2026\/01\/Paroano-na-Varanda-do-Sesi-foto-Tete-Marques-9-scaled-e1768493288434-285x450.jpeg",285,450,true],"colormag-elementor-grid-medium-large-thumbnail":["https:\/\/boracultura.com.br\/wp-content\/uploads\/2026\/01\/Paroano-na-Varanda-do-Sesi-foto-Tete-Marques-9-scaled-e1768493288434-575x198.jpeg",575,198,true],"psacp-medium":["https:\/\/boracultura.com.br\/wp-content\/uploads\/2026\/01\/Paroano-na-Varanda-do-Sesi-foto-Tete-Marques-9-scaled-e1768493288434.jpeg",500,307,false]},"rttpg_author":{"display_name":"boracultura@gmail.com","author_link":"https:\/\/boracultura.com.br\/index.php\/author\/boraculturagmail-com\/"},"rttpg_comment":0,"rttpg_category":"<a href=\"https:\/\/boracultura.com.br\/index.php\/category\/noticias\/musica\/\" rel=\"category tag\">M\u00fasica<\/a> <a href=\"https:\/\/boracultura.com.br\/index.php\/category\/noticias\/\" rel=\"category tag\">Not\u00edcias<\/a>","rttpg_excerpt":"No dia do show a camisa do carnaval 2026 do Paroano ser\u00e1 lan\u00e7ada e estar\u00e1 \u00e0 venda por R$70 O","_links":{"self":[{"href":"https:\/\/boracultura.com.br\/index.php\/wp-json\/wp\/v2\/posts\/699","targetHints":{"allow":["GET"]}}],"collection":[{"href":"https:\/\/boracultura.com.br\/index.php\/wp-json\/wp\/v2\/posts"}],"about":[{"href":"https:\/\/boracultura.com.br\/index.php\/wp-json\/wp\/v2\/types\/post"}],"author":[{"embeddable":true,"href":"https:\/\/boracultura.com.br\/index.php\/wp-json\/wp\/v2\/users\/1"}],"replies":[{"embeddable":true,"href":"https:\/\/boracultura.com.br\/index.php\/wp-json\/wp\/v2\/comments?post=699"}],"version-history":[{"count":2,"href":"https:\/\/boracultura.com.br\/index.php\/wp-json\/wp\/v2\/posts\/699\/revisions"}],"predecessor-version":[{"id":760,"href":"https:\/\/boracultura.com.br\/index.php\/wp-json\/wp\/v2\/posts\/699\/revisions\/760"}],"wp:featuredmedia":[{"embeddable":true,"href":"https:\/\/boracultura.com.br\/index.php\/wp-json\/wp\/v2\/media\/701"}],"wp:attachment":[{"href":"https:\/\/boracultura.com.br\/index.php\/wp-json\/wp\/v2\/media?parent=699"}],"wp:term":[{"taxonomy":"category","embeddable":true,"href":"https:\/\/boracultura.com.br\/index.php\/wp-json\/wp\/v2\/categories?post=699"},{"taxonomy":"post_tag","embeddable":true,"href":"https:\/\/boracultura.com.br\/index.php\/wp-json\/wp\/v2\/tags?post=699"}],"curies":[{"name":"wp","href":"https:\/\/api.w.org\/{rel}","templated":true}]}}