{"id":731,"date":"2026-01-15T08:44:18","date_gmt":"2026-01-15T11:44:18","guid":{"rendered":"https:\/\/boracultura.com.br\/?p=731"},"modified":"2026-01-15T13:31:16","modified_gmt":"2026-01-15T16:31:16","slug":"a-revolta-dos-pinguins-uma-comedia-mal-educada","status":"publish","type":"post","link":"https:\/\/boracultura.com.br\/index.php\/2026\/01\/15\/a-revolta-dos-pinguins-uma-comedia-mal-educada\/","title":{"rendered":"Espet\u00e1culo &#8220;A Revolta dos Pinguins &#8211; Uma com\u00e9dia mal-educada&#8221; volta em cartaz em Salvador"},"content":{"rendered":"\n<p>Em outubro de 2025, o espet\u00e1culo&nbsp;<strong>A Revolta dos Pinguins \u2013 Uma Com\u00e9dia Mal educada<\/strong>&nbsp;estreou com uma curta temporada lotada: foram tr\u00eas apresenta\u00e7\u00f5es com 100% de ocupa\u00e7\u00e3o da plateia do Teatro Moli\u00e8re, em Salvador. Atendendo aos pedidos de quem ficou de fora, a pe\u00e7a dirigida por Diogo Watanabe com texto de Luciana Comin retorna em nova temporada de ver\u00e3o, no mesmo teatro, se apresentando aos domingos de 11\/01 a 08\/02 de 2026, sempre \u00e0s 18h.<\/p>\n\n\n\n<p>O espet\u00e1culo toma seu nome emprestado de uma das suas inspira\u00e7\u00f5es: a revolta dos estudantes chilenos, apelidados \u201cping\u00fcinos\u201d pelas fardas formais, que sacudiu aquele pa\u00eds em 2006. Esses protestos pelo direito \u00e0 educa\u00e7\u00e3o ecoaram no Brasil em 2015 e 2016, com as ocupa\u00e7\u00f5es de col\u00e9gios por secundaristas brasileiros de S\u00e3o Paulo e outros estados. Foi essa realidade que o espet\u00e1culo decidiu transformar em com\u00e9dia, sem perder a \u00eanfase na reflex\u00e3o.<\/p>\n\n\n\n<p>Na trama, um grupo de professores se re\u00fane em uma sala da escola que deveria ser de artes, mas hoje funciona como dep\u00f3sito. Ali, discutem um epis\u00f3dio grave do turno da manh\u00e3: uma confus\u00e3o entre a diretora e os estudantes, sangue, pol\u00edcia\u2026 A tens\u00e3o cresce em meio a rumores de ocupa\u00e7\u00f5es estudantis. No meio desse turbilh\u00e3o, as perguntas: onde ficam os professores? S\u00e3o alvos da revolta dos alunos \u2013 ou devem estar nas barricadas com eles? Tudo isso o espet\u00e1culo convida sua plateia a pensar, claro, enquanto d\u00e1 boas risadas com essas figuras que s\u00f3 se encontram numa sala dos professores.<\/p>\n\n\n\n<p><strong>O teatro vai invadir a sua praia! (ENTENDA A PROMO\u00c7\u00c3O)<\/strong><br>Em 2026 a pe\u00e7a retorna aos palcos dentro da programa\u00e7\u00e3o de ver\u00e3o do teatro baiano. S\u00e3o oito espet\u00e1culos em cartaz a partir do come\u00e7o de janeiro at\u00e9 a chegada do carnaval: \u201cLos Catedr\u00e1sticos\u201d, \u201cA Revolta dos Pinguins &#8211; uma com\u00e9dia mal-educada\u201d, \u2018Fanta e Pandora &#8211; Uma folia na Cidade Baixa\u201d, \u201cFechadas para Balan\u00e7o\u201d, \u201cVou te Contar!\u201d, \u201cAleluia\u201d, \u201cSonho de Um Homem Rid\u00edculo\u201d e \u201cO Cordel de Maria Cindragrela\u201d.<\/p>\n\n\n\n<p>Quem compra inteira para uma das 8 produ\u00e7\u00f5es da campanha, tem 40% de desconto no valor da inteira de outro produ\u00e7\u00e3o. Ao comprar o ingresso promocional, solicitaremos comprovante (do Sympla ou canhoto) de outro espet\u00e1culo para valida\u00e7\u00e3o do desconto.<\/p>\n\n\n\n<p><strong>TECA Teatro e Coletivo-Coletivo<\/strong><br>\u201cA Revolta dos Pinguins\u201d \u00e9 fruto do Coletivo-Coletivo, que por sua vez teve sua origem no grupo TECA Teatro e Outras Artes. O TECA \u00e9 um grupo teatral baiano criado em 2003 que produz espet\u00e1culos profissionais, dirige uma escola n\u00e3o-formal de artes, e realiza um festival anual e o Observat\u00f3rio Nacional de Teatro para Inf\u00e2ncias e Juventudes. J\u00e1 o Coletivo-Coletivo \u00e9 uma maior de artistas de teatro que se juntou ao TECA e cresceu para al\u00e9m das fronteiras do grupo.<\/p>\n\n\n\n<p>Em 2025 o Coletivo-Coletivo iniciou um projeto de pesquisa e leitura de textos teatrais focados no tema da educa\u00e7\u00e3o. Dessas pesquisas, surgiu o Projeto 1,2,3 Salve Todos, com a montagem de tr\u00eas espet\u00e1culos em 2025: \u201cEnsinando a Transgredir\u201d, com dire\u00e7\u00e3o de Marconi Arap, \u201cCartas de Gaza\u201d, com dire\u00e7\u00e3o de Sergio Farias, e este espet\u00e1culo, \u201cA Revolta dos Pinguins\u201d. Primeira dire\u00e7\u00e3o c\u00eanica de Diogo Watanabe, \u201cPinguins\u201d foi concebido em um processo coletivo e experimental: como enfatizado no nome do grupo Coletivo-Coletivo, a horizontalidade e colabora\u00e7\u00e3o s\u00e3o centrais.<br><strong><br>FICHA T\u00c9CNICA<\/strong>:<br>Realiza\u00e7\u00e3o: Grupo TECA Teatro e Teatro Moli\u00e8re<br>Dire\u00e7\u00e3o: Diogo Watanabe<br>Texto: Luciana Comin<br>Concep\u00e7\u00e3o c\u00eanica: Diogo Watanabe e elenco<br>Elenco: Iara Colina, Igor Epif\u00e2nio, Luciana Comin, mano leone, Myriam Galv\u00e3o e Vanja Veridiano<br>Trilha sonora: Ilma Nascimento<br>Ilumina\u00e7\u00e3o: Cec\u00edlia Vasconcelos<br>Cenografia: Gabriel Nascimento e Marconi Arap<br>Figurinos: Lando Augusto<br>Programa\u00e7\u00e3o visual: Camilo Fr\u00f3es<br>Assist\u00eancia: Fellipe Fran\u00e7a<br>Opera\u00e7\u00e3o de som: Fellipe Fran\u00e7a<br>Opera\u00e7\u00e3o de luz: Cec\u00edlia Vasconcelos<br>Assessoria de imprensa: Caio Valente<\/p>\n\n\n\n<p><strong>SERVI\u00c7O<\/strong><br>Espet\u00e1culo \u201cA Revolta dos Pinguins\u201d<br>Quando: Domingos de 11\/01 a 08\/02, sempre \u00e0s 18h<br>Onde: Teatro Moli\u00e8re na Alian\u00e7a Francesa, Av Sete de Setembro, 401, Barra. 40130-000, Salvador<br>Ingressos: R$ 50,00 (inteira) e R$ 25,00 (meia) atrav\u00e9s da plataforma Sympla<br>Professores pagam meia entrada, mediante comprova\u00e7\u00e3o na bilheteria<br><br>Foto: Diney Ara\u00fajo | Divulga\u00e7\u00e3o<\/p>\n","protected":false},"excerpt":{"rendered":"<p>Em outubro de 2025, o espet\u00e1culo&nbsp;A Revolta dos Pinguins \u2013 Uma Com\u00e9dia Mal educada&nbsp;estreou com uma curta temporada lotada: foram<\/p>\n","protected":false},"author":1,"featured_media":769,"comment_status":"open","ping_status":"open","sticky":false,"template":"","format":"standard","meta":{"colormag_page_container_layout":"default_layout","colormag_page_sidebar_layout":"default_layout","footnotes":""},"categories":[8,46],"tags":[109,117,135,23],"class_list":["post-731","post","type-post","status-publish","format-standard","has-post-thumbnail","hentry","category-noticias","category-teatro","tag-comedia","tag-espetaculo","tag-revolta-dos-pinguins","tag-teatro"],"rttpg_featured_image_url":{"full":["https:\/\/boracultura.com.br\/wp-content\/uploads\/2026\/01\/revolta-dos-pinguins-diney-araujo.jpg",600,400,false],"landscape":["https:\/\/boracultura.com.br\/wp-content\/uploads\/2026\/01\/revolta-dos-pinguins-diney-araujo.jpg",600,400,false],"portraits":["https:\/\/boracultura.com.br\/wp-content\/uploads\/2026\/01\/revolta-dos-pinguins-diney-araujo.jpg",600,400,false],"thumbnail":["https:\/\/boracultura.com.br\/wp-content\/uploads\/2026\/01\/revolta-dos-pinguins-diney-araujo-150x150.jpg",150,150,true],"medium":["https:\/\/boracultura.com.br\/wp-content\/uploads\/2026\/01\/revolta-dos-pinguins-diney-araujo-300x200.jpg",300,200,true],"large":["https:\/\/boracultura.com.br\/wp-content\/uploads\/2026\/01\/revolta-dos-pinguins-diney-araujo.jpg",600,400,false],"1536x1536":["https:\/\/boracultura.com.br\/wp-content\/uploads\/2026\/01\/revolta-dos-pinguins-diney-araujo.jpg",600,400,false],"2048x2048":["https:\/\/boracultura.com.br\/wp-content\/uploads\/2026\/01\/revolta-dos-pinguins-diney-araujo.jpg",600,400,false],"colormag-highlighted-post":["https:\/\/boracultura.com.br\/wp-content\/uploads\/2026\/01\/revolta-dos-pinguins-diney-araujo-392x272.jpg",392,272,true],"colormag-featured-post-medium":["https:\/\/boracultura.com.br\/wp-content\/uploads\/2026\/01\/revolta-dos-pinguins-diney-araujo-390x205.jpg",390,205,true],"colormag-featured-post-small":["https:\/\/boracultura.com.br\/wp-content\/uploads\/2026\/01\/revolta-dos-pinguins-diney-araujo-130x90.jpg",130,90,true],"colormag-featured-image":["https:\/\/boracultura.com.br\/wp-content\/uploads\/2026\/01\/revolta-dos-pinguins-diney-araujo.jpg",600,400,false],"colormag-default-news":["https:\/\/boracultura.com.br\/wp-content\/uploads\/2026\/01\/revolta-dos-pinguins-diney-araujo-150x150.jpg",150,150,true],"colormag-featured-image-large":["https:\/\/boracultura.com.br\/wp-content\/uploads\/2026\/01\/revolta-dos-pinguins-diney-araujo.jpg",600,400,false],"colormag-elementor-block-extra-large-thumbnail":["https:\/\/boracultura.com.br\/wp-content\/uploads\/2026\/01\/revolta-dos-pinguins-diney-araujo.jpg",600,400,false],"colormag-elementor-grid-large-thumbnail":["https:\/\/boracultura.com.br\/wp-content\/uploads\/2026\/01\/revolta-dos-pinguins-diney-araujo.jpg",600,400,false],"colormag-elementor-grid-small-thumbnail":["https:\/\/boracultura.com.br\/wp-content\/uploads\/2026\/01\/revolta-dos-pinguins-diney-araujo-285x400.jpg",285,400,true],"colormag-elementor-grid-medium-large-thumbnail":["https:\/\/boracultura.com.br\/wp-content\/uploads\/2026\/01\/revolta-dos-pinguins-diney-araujo-575x198.jpg",575,198,true],"psacp-medium":["https:\/\/boracultura.com.br\/wp-content\/uploads\/2026\/01\/revolta-dos-pinguins-diney-araujo.jpg",500,333,false]},"rttpg_author":{"display_name":"boracultura@gmail.com","author_link":"https:\/\/boracultura.com.br\/index.php\/author\/boraculturagmail-com\/"},"rttpg_comment":0,"rttpg_category":"<a href=\"https:\/\/boracultura.com.br\/index.php\/category\/noticias\/\" rel=\"category tag\">Not\u00edcias<\/a> <a href=\"https:\/\/boracultura.com.br\/index.php\/category\/noticias\/teatro\/\" rel=\"category tag\">Teatro<\/a>","rttpg_excerpt":"Em outubro de 2025, o espet\u00e1culo&nbsp;A Revolta dos Pinguins \u2013 Uma Com\u00e9dia Mal educada&nbsp;estreou com uma curta temporada lotada: foram","_links":{"self":[{"href":"https:\/\/boracultura.com.br\/index.php\/wp-json\/wp\/v2\/posts\/731","targetHints":{"allow":["GET"]}}],"collection":[{"href":"https:\/\/boracultura.com.br\/index.php\/wp-json\/wp\/v2\/posts"}],"about":[{"href":"https:\/\/boracultura.com.br\/index.php\/wp-json\/wp\/v2\/types\/post"}],"author":[{"embeddable":true,"href":"https:\/\/boracultura.com.br\/index.php\/wp-json\/wp\/v2\/users\/1"}],"replies":[{"embeddable":true,"href":"https:\/\/boracultura.com.br\/index.php\/wp-json\/wp\/v2\/comments?post=731"}],"version-history":[{"count":2,"href":"https:\/\/boracultura.com.br\/index.php\/wp-json\/wp\/v2\/posts\/731\/revisions"}],"predecessor-version":[{"id":770,"href":"https:\/\/boracultura.com.br\/index.php\/wp-json\/wp\/v2\/posts\/731\/revisions\/770"}],"wp:featuredmedia":[{"embeddable":true,"href":"https:\/\/boracultura.com.br\/index.php\/wp-json\/wp\/v2\/media\/769"}],"wp:attachment":[{"href":"https:\/\/boracultura.com.br\/index.php\/wp-json\/wp\/v2\/media?parent=731"}],"wp:term":[{"taxonomy":"category","embeddable":true,"href":"https:\/\/boracultura.com.br\/index.php\/wp-json\/wp\/v2\/categories?post=731"},{"taxonomy":"post_tag","embeddable":true,"href":"https:\/\/boracultura.com.br\/index.php\/wp-json\/wp\/v2\/tags?post=731"}],"curies":[{"name":"wp","href":"https:\/\/api.w.org\/{rel}","templated":true}]}}