{"id":750,"date":"2026-01-15T12:36:17","date_gmt":"2026-01-15T15:36:17","guid":{"rendered":"https:\/\/boracultura.com.br\/?p=750"},"modified":"2026-02-09T02:14:24","modified_gmt":"2026-02-09T05:14:24","slug":"salvador-lanca-primeiro-festival-oficial-de-gastronomia-no-centro-historico","status":"publish","type":"post","link":"https:\/\/boracultura.com.br\/index.php\/2026\/01\/15\/salvador-lanca-primeiro-festival-oficial-de-gastronomia-no-centro-historico\/","title":{"rendered":"Salvador lan\u00e7a primeiro festival oficial de gastronomia no Centro Hist\u00f3rico"},"content":{"rendered":"\n<pre class=\"wp-block-preformatted\">Festival Salvador Gastronomia acontece no Centro Hist\u00f3rico de 26 de fevereiro a 8 de mar\u00e7o<\/pre>\n\n\n\n<p>Salvador passa a integrar oficialmente o circuito dos grandes festivais gastron\u00f4micos do pa\u00eds com o lan\u00e7amento do \u201cSalvador Gastronomia\u201c, primeiro festival oficial da cidade dedicado ao setor. Chancelado pela Prefeitura, o evento acontece entre os dias 26 de fevereiro e 8 de mar\u00e7o, no Centro Hist\u00f3rico, e nasce com a proposta de valorizar a culin\u00e1ria local, fortalecer o turismo de experi\u00eancia e promover a reocupa\u00e7\u00e3o cultural do territ\u00f3rio. <\/p>\n\n\n\n<figure class=\"wp-block-image size-full\"><img fetchpriority=\"high\" decoding=\"async\" width=\"1024\" height=\"571\" src=\"https:\/\/boracultura.com.br\/wp-content\/uploads\/2026\/01\/salvador-gastronomia_divulgacao2-1024x571-1.jpg\" alt=\"\" class=\"wp-image-751\" srcset=\"https:\/\/boracultura.com.br\/wp-content\/uploads\/2026\/01\/salvador-gastronomia_divulgacao2-1024x571-1.jpg 1024w, https:\/\/boracultura.com.br\/wp-content\/uploads\/2026\/01\/salvador-gastronomia_divulgacao2-1024x571-1-300x167.jpg 300w, https:\/\/boracultura.com.br\/wp-content\/uploads\/2026\/01\/salvador-gastronomia_divulgacao2-1024x571-1-768x428.jpg 768w, https:\/\/boracultura.com.br\/wp-content\/uploads\/2026\/01\/salvador-gastronomia_divulgacao2-1024x571-1-800x445.jpg 800w\" sizes=\"(max-width: 1024px) 100vw, 1024px\" \/><\/figure>\n\n\n\n<p>Idealizado pela Ag\u00eancia California, em parceria com o Palacete Tira-Chap\u00e9u e a empres\u00e1ria Ana Coelho, o festival prop\u00f5e uma nova forma de vivenciar Salvador a partir da comida. Estruturado como um grande evento urbano, o Salvador Gastronomia ocupar\u00e1 ruas, pra\u00e7as e edif\u00edcios hist\u00f3ricos com atividades abertas ao p\u00fablico, conectando gastronomia, cultura, patrim\u00f4nio e identidade. <\/p>\n\n\n\n<p>Reconhecida internacionalmente por sua riqueza cultural e hospitalidade, Salvador vive um momento de fortalecimento do turismo de experi\u00eancia. De acordo com a plataforma TasteAtlas, a capital baiana figura entre os melhores destinos gastron\u00f4micos do mundo. J\u00e1 um estudo da Kantar, divulgado em 2024, aponta que 66% dos viajantes consideram a gastronomia um fator decisivo na escolha de um destino. Inserido nesse cen\u00e1rio, o Salvador Gastronomia surge como parte da constru\u00e7\u00e3o de uma rota gastron\u00f4mica brasileira, posicionando a cidade ao lado de grandes polos do pa\u00eds. <\/p>\n\n\n\n<p>O cora\u00e7\u00e3o do festival ser\u00e1 a Pra\u00e7a Tom\u00e9 de Souza, que receber\u00e1 uma grande feira gastron\u00f4mica a c\u00e9u aberto. O espa\u00e7o reunir\u00e1 chefs, cozinheiros e produtores em experi\u00eancias pensadas para democratizar o acesso \u00e0 alta gastronomia, com vers\u00f5es pocket de cozinhas autorais, pre\u00e7os acess\u00edveis e propostas que aproximam moradores e visitantes, transformando a pra\u00e7a em um ponto de encontro e conviv\u00eancia. <\/p>\n\n\n\n<p>Ao longo da Rua Chile, o Palacete Tira-Chap\u00e9u assume papel central como polo gastron\u00f4mico e s\u00edmbolo da reconfigura\u00e7\u00e3o do Centro Hist\u00f3rico. O espa\u00e7o abriga restaurantes que integram o projeto desde sua concep\u00e7\u00e3o, como Casar\u00eda, Pala7, comandado pelo chef Claude Troisgros, e Preta, da chef Preta, consolidando-se como um centro de experi\u00eancias que conecta a tradi\u00e7\u00e3o arquitet\u00f4nica da cidade \u00e0s linguagens contempor\u00e2neas da cozinha brasileira e baiana. <\/p>\n\n\n\n<p>Durante o per\u00edodo do festival, o Centro Hist\u00f3rico se transforma em uma grande mesa coletiva. Al\u00e9m da feira gastron\u00f4mica, a programa\u00e7\u00e3o inclui a\u00e7\u00f5es culturais, exposi\u00e7\u00f5es de arte, espa\u00e7o kids, feira de produtos baianos e experi\u00eancias que articulam comida, patrim\u00f4nio e identidade local, refor\u00e7ando o papel da gastronomia como linguagem cultural e ferramenta de desenvolvimento urbano.<\/p>\n\n\n\n<figure class=\"wp-block-image size-full\"><img decoding=\"async\" width=\"1024\" height=\"571\" src=\"https:\/\/boracultura.com.br\/wp-content\/uploads\/2026\/01\/salvador-gastronomia_divulgacao4-1024x571-1.jpeg\" alt=\"\" class=\"wp-image-752\" srcset=\"https:\/\/boracultura.com.br\/wp-content\/uploads\/2026\/01\/salvador-gastronomia_divulgacao4-1024x571-1.jpeg 1024w, https:\/\/boracultura.com.br\/wp-content\/uploads\/2026\/01\/salvador-gastronomia_divulgacao4-1024x571-1-300x167.jpeg 300w, https:\/\/boracultura.com.br\/wp-content\/uploads\/2026\/01\/salvador-gastronomia_divulgacao4-1024x571-1-768x428.jpeg 768w, https:\/\/boracultura.com.br\/wp-content\/uploads\/2026\/01\/salvador-gastronomia_divulgacao4-1024x571-1-800x445.jpeg 800w\" sizes=\"(max-width: 1024px) 100vw, 1024px\" \/><\/figure>\n\n\n\n<p><strong>SERVI\u00c7O<\/strong><br>Salvador Gastronomia &#8211; 1\u00aa Edi\u00e7\u00e3o<br><strong>Quando:<\/strong> 26\/02 a 08\/03<br><strong>Onde:<\/strong> Centro Hist\u00f3rico<\/p>\n","protected":false},"excerpt":{"rendered":"<p>Festival Salvador Gastronomia acontece no Centro Hist\u00f3rico de 26 de fevereiro a 8 de mar\u00e7o Salvador passa a integrar oficialmente<\/p>\n","protected":false},"author":1,"featured_media":753,"comment_status":"open","ping_status":"open","sticky":false,"template":"","format":"standard","meta":{"colormag_page_container_layout":"default_layout","colormag_page_sidebar_layout":"default_layout","footnotes":""},"categories":[10,119],"tags":[131,36,22,88,89],"class_list":["post-750","post","type-post","status-publish","format-standard","has-post-thumbnail","hentry","category-especiais","category-gastronomia","tag-centro-historico","tag-cultura","tag-cultura-bahia","tag-festival","tag-salvador"],"rttpg_featured_image_url":{"full":["https:\/\/boracultura.com.br\/wp-content\/uploads\/2026\/01\/salvador-gastronomia_Easy-Resize.com_.jpg",1280,720,false],"landscape":["https:\/\/boracultura.com.br\/wp-content\/uploads\/2026\/01\/salvador-gastronomia_Easy-Resize.com_.jpg",1280,720,false],"portraits":["https:\/\/boracultura.com.br\/wp-content\/uploads\/2026\/01\/salvador-gastronomia_Easy-Resize.com_.jpg",1280,720,false],"thumbnail":["https:\/\/boracultura.com.br\/wp-content\/uploads\/2026\/01\/salvador-gastronomia_Easy-Resize.com_-150x150.jpg",150,150,true],"medium":["https:\/\/boracultura.com.br\/wp-content\/uploads\/2026\/01\/salvador-gastronomia_Easy-Resize.com_-300x169.jpg",300,169,true],"large":["https:\/\/boracultura.com.br\/wp-content\/uploads\/2026\/01\/salvador-gastronomia_Easy-Resize.com_-1024x576.jpg",800,450,true],"1536x1536":["https:\/\/boracultura.com.br\/wp-content\/uploads\/2026\/01\/salvador-gastronomia_Easy-Resize.com_.jpg",1280,720,false],"2048x2048":["https:\/\/boracultura.com.br\/wp-content\/uploads\/2026\/01\/salvador-gastronomia_Easy-Resize.com_.jpg",1280,720,false],"colormag-highlighted-post":["https:\/\/boracultura.com.br\/wp-content\/uploads\/2026\/01\/salvador-gastronomia_Easy-Resize.com_-392x272.jpg",392,272,true],"colormag-featured-post-medium":["https:\/\/boracultura.com.br\/wp-content\/uploads\/2026\/01\/salvador-gastronomia_Easy-Resize.com_-390x205.jpg",390,205,true],"colormag-featured-post-small":["https:\/\/boracultura.com.br\/wp-content\/uploads\/2026\/01\/salvador-gastronomia_Easy-Resize.com_-130x90.jpg",130,90,true],"colormag-featured-image":["https:\/\/boracultura.com.br\/wp-content\/uploads\/2026\/01\/salvador-gastronomia_Easy-Resize.com_-800x445.jpg",800,445,true],"colormag-default-news":["https:\/\/boracultura.com.br\/wp-content\/uploads\/2026\/01\/salvador-gastronomia_Easy-Resize.com_-150x150.jpg",150,150,true],"colormag-featured-image-large":["https:\/\/boracultura.com.br\/wp-content\/uploads\/2026\/01\/salvador-gastronomia_Easy-Resize.com_-1280x600.jpg",1280,600,true],"colormag-elementor-block-extra-large-thumbnail":["https:\/\/boracultura.com.br\/wp-content\/uploads\/2026\/01\/salvador-gastronomia_Easy-Resize.com_-1155x480.jpg",1155,480,true],"colormag-elementor-grid-large-thumbnail":["https:\/\/boracultura.com.br\/wp-content\/uploads\/2026\/01\/salvador-gastronomia_Easy-Resize.com_-600x417.jpg",600,417,true],"colormag-elementor-grid-small-thumbnail":["https:\/\/boracultura.com.br\/wp-content\/uploads\/2026\/01\/salvador-gastronomia_Easy-Resize.com_-285x450.jpg",285,450,true],"colormag-elementor-grid-medium-large-thumbnail":["https:\/\/boracultura.com.br\/wp-content\/uploads\/2026\/01\/salvador-gastronomia_Easy-Resize.com_-575x198.jpg",575,198,true],"psacp-medium":["https:\/\/boracultura.com.br\/wp-content\/uploads\/2026\/01\/salvador-gastronomia_Easy-Resize.com_.jpg",500,281,false]},"rttpg_author":{"display_name":"boracultura@gmail.com","author_link":"https:\/\/boracultura.com.br\/index.php\/author\/boraculturagmail-com\/"},"rttpg_comment":0,"rttpg_category":"<a href=\"https:\/\/boracultura.com.br\/index.php\/category\/especiais\/\" rel=\"category tag\">Especiais<\/a> <a href=\"https:\/\/boracultura.com.br\/index.php\/category\/gastronomia\/\" rel=\"category tag\">Gastronomia<\/a>","rttpg_excerpt":"Festival Salvador Gastronomia acontece no Centro Hist\u00f3rico de 26 de fevereiro a 8 de mar\u00e7o Salvador passa a integrar oficialmente","_links":{"self":[{"href":"https:\/\/boracultura.com.br\/index.php\/wp-json\/wp\/v2\/posts\/750","targetHints":{"allow":["GET"]}}],"collection":[{"href":"https:\/\/boracultura.com.br\/index.php\/wp-json\/wp\/v2\/posts"}],"about":[{"href":"https:\/\/boracultura.com.br\/index.php\/wp-json\/wp\/v2\/types\/post"}],"author":[{"embeddable":true,"href":"https:\/\/boracultura.com.br\/index.php\/wp-json\/wp\/v2\/users\/1"}],"replies":[{"embeddable":true,"href":"https:\/\/boracultura.com.br\/index.php\/wp-json\/wp\/v2\/comments?post=750"}],"version-history":[{"count":1,"href":"https:\/\/boracultura.com.br\/index.php\/wp-json\/wp\/v2\/posts\/750\/revisions"}],"predecessor-version":[{"id":754,"href":"https:\/\/boracultura.com.br\/index.php\/wp-json\/wp\/v2\/posts\/750\/revisions\/754"}],"wp:featuredmedia":[{"embeddable":true,"href":"https:\/\/boracultura.com.br\/index.php\/wp-json\/wp\/v2\/media\/753"}],"wp:attachment":[{"href":"https:\/\/boracultura.com.br\/index.php\/wp-json\/wp\/v2\/media?parent=750"}],"wp:term":[{"taxonomy":"category","embeddable":true,"href":"https:\/\/boracultura.com.br\/index.php\/wp-json\/wp\/v2\/categories?post=750"},{"taxonomy":"post_tag","embeddable":true,"href":"https:\/\/boracultura.com.br\/index.php\/wp-json\/wp\/v2\/tags?post=750"}],"curies":[{"name":"wp","href":"https:\/\/api.w.org\/{rel}","templated":true}]}}