{"id":890,"date":"2026-01-21T23:45:25","date_gmt":"2026-01-22T02:45:25","guid":{"rendered":"https:\/\/boracultura.com.br\/?p=890"},"modified":"2026-02-25T23:28:05","modified_gmt":"2026-02-26T02:28:05","slug":"vitrobaile-com-sarajane-pre-carnaval-da-vitrolab-em-salvador","status":"publish","type":"post","link":"https:\/\/boracultura.com.br\/index.php\/2026\/01\/21\/vitrobaile-com-sarajane-pre-carnaval-da-vitrolab-em-salvador\/","title":{"rendered":"VitroBaile com Sarajane: Pr\u00e9-Carnaval da Vitrolab em Salvador"},"content":{"rendered":"\n<p>Projeto especial da banda acontece nesta sexta-feira (23), com DJ e convidados, em uma noite de baile contempor\u00e2neo que antecipa o carnaval baiano.<\/p>\n\n\n\n<p>VitroBaile: Vitrolab e Sarajane antecipam o Carnaval baiano no Rio Vermelho<\/p>\n\n\n\n<p><br>O ver\u00e3o de Salvador ganha um novo ritmo nesta sexta-feira (23), a partir das 20h, com a realiza\u00e7\u00e3o do VitroBaile. O projeto especial da banda Vitrolab ocupa a Casa da M\u00e3e, no Rio Vermelho, transformando o espa\u00e7o em uma pista pulsante que resgata o esp\u00edrito festivo e coletivo dos grandes bailes de sal\u00e3o das d\u00e9cadas de 1980 e 1990.<\/p>\n\n\n\n<p><br>Encontro de Gera\u00e7\u00f5es: Vitrolab convida Sarajane<br>O grande destaque desta edi\u00e7\u00e3o \u00e9 a participa\u00e7\u00e3o de Sarajane, um dos nomes mais emblem\u00e1ticos do Carnaval da Bahia. O encontro com a Vitrolab promove um di\u00e1logo entre a tradi\u00e7\u00e3o do ax\u00e9 e a sonoridade contempor\u00e2nea da banda, que mistura rock, groove e ritmos afro-baianos. Segundo Marcelo Barbosa, vocalista da banda, o evento celebra a diversidade po\u00e9tica e cultural constru\u00edda nos dez anos de carreira do grupo.<\/p>\n\n\n\n<p><br>Uma Experi\u00eancia Dan\u00e7ante no Cora\u00e7\u00e3o do Rio Vermelho<br>Mais do que um show, o VitroBaile \u00e9 focado na experi\u00eancia da pista. Liderada pelos irm\u00e3os Guga e Marcelo Barbosa, a Vitrolab apresenta um repert\u00f3rio autoral e cl\u00e1ssicos da m\u00fasica baiana, garantindo a energia do pr\u00e9-carnaval. A programa\u00e7\u00e3o ainda conta com sets de DJ para manter o p\u00fablico aquecido durante toda a noite, refor\u00e7ando a proposta de comunh\u00e3o e celebra\u00e7\u00e3o que define o ver\u00e3o soteropolitano.<\/p>\n\n\n\n<p><br>Para quem busca vivenciar a ess\u00eancia da nova m\u00fasica brasileira com o DNA de Salvador, o VitroBaile na Casa da M\u00e3e \u00e9 o destino certo para antecipar o clima momesco com criatividade e anima\u00e7\u00e3o. <\/p>\n\n\n\n<p>SERVI\u00c7O<br><br><br>VitroBaile com Vitrolab, Sarajane, Convidados e DJ<br><br><br>Data: 23 de janeiro<br><br>Hor\u00e1rio: a partir das 20h<br><br>Local: Casa da M\u00e3e \u2013 Rio Vermelho<br><br>INGRESSOS (ANTECIPADOS)<br><br>\u2022 LOTE 1: R$ 35,00<br><br>\u2022 LOTE 2: R$ 50,00<br><br>(Ingressos limitados \u2013 sujeito \u00e0 virada de lote)<\/p>\n","protected":false},"excerpt":{"rendered":"<p>Projeto especial da banda acontece nesta sexta-feira (23), com DJ e convidados, em uma noite de baile contempor\u00e2neo que antecipa<\/p>\n","protected":false},"author":1,"featured_media":889,"comment_status":"open","ping_status":"open","sticky":false,"template":"","format":"standard","meta":{"colormag_page_container_layout":"default_layout","colormag_page_sidebar_layout":"default_layout","footnotes":""},"categories":[83,8],"tags":[],"class_list":["post-890","post","type-post","status-publish","format-standard","has-post-thumbnail","hentry","category-carnaval-2","category-noticias"],"rttpg_featured_image_url":{"full":["https:\/\/boracultura.com.br\/wp-content\/uploads\/2026\/01\/Vitrolab-_-VitroBaile-_Andre-Fofano-08681.jpeg",2048,1366,false],"landscape":["https:\/\/boracultura.com.br\/wp-content\/uploads\/2026\/01\/Vitrolab-_-VitroBaile-_Andre-Fofano-08681.jpeg",2048,1366,false],"portraits":["https:\/\/boracultura.com.br\/wp-content\/uploads\/2026\/01\/Vitrolab-_-VitroBaile-_Andre-Fofano-08681.jpeg",2048,1366,false],"thumbnail":["https:\/\/boracultura.com.br\/wp-content\/uploads\/2026\/01\/Vitrolab-_-VitroBaile-_Andre-Fofano-08681-150x150.jpeg",150,150,true],"medium":["https:\/\/boracultura.com.br\/wp-content\/uploads\/2026\/01\/Vitrolab-_-VitroBaile-_Andre-Fofano-08681-300x200.jpeg",300,200,true],"large":["https:\/\/boracultura.com.br\/wp-content\/uploads\/2026\/01\/Vitrolab-_-VitroBaile-_Andre-Fofano-08681-1024x683.jpeg",800,534,true],"1536x1536":["https:\/\/boracultura.com.br\/wp-content\/uploads\/2026\/01\/Vitrolab-_-VitroBaile-_Andre-Fofano-08681-1536x1025.jpeg",1536,1025,true],"2048x2048":["https:\/\/boracultura.com.br\/wp-content\/uploads\/2026\/01\/Vitrolab-_-VitroBaile-_Andre-Fofano-08681.jpeg",2048,1366,false],"colormag-highlighted-post":["https:\/\/boracultura.com.br\/wp-content\/uploads\/2026\/01\/Vitrolab-_-VitroBaile-_Andre-Fofano-08681-392x272.jpeg",392,272,true],"colormag-featured-post-medium":["https:\/\/boracultura.com.br\/wp-content\/uploads\/2026\/01\/Vitrolab-_-VitroBaile-_Andre-Fofano-08681-390x205.jpeg",390,205,true],"colormag-featured-post-small":["https:\/\/boracultura.com.br\/wp-content\/uploads\/2026\/01\/Vitrolab-_-VitroBaile-_Andre-Fofano-08681-130x90.jpeg",130,90,true],"colormag-featured-image":["https:\/\/boracultura.com.br\/wp-content\/uploads\/2026\/01\/Vitrolab-_-VitroBaile-_Andre-Fofano-08681-800x445.jpeg",800,445,true],"colormag-default-news":["https:\/\/boracultura.com.br\/wp-content\/uploads\/2026\/01\/Vitrolab-_-VitroBaile-_Andre-Fofano-08681-150x150.jpeg",150,150,true],"colormag-featured-image-large":["https:\/\/boracultura.com.br\/wp-content\/uploads\/2026\/01\/Vitrolab-_-VitroBaile-_Andre-Fofano-08681-1400x600.jpeg",1400,600,true],"colormag-elementor-block-extra-large-thumbnail":["https:\/\/boracultura.com.br\/wp-content\/uploads\/2026\/01\/Vitrolab-_-VitroBaile-_Andre-Fofano-08681-1155x480.jpeg",1155,480,true],"colormag-elementor-grid-large-thumbnail":["https:\/\/boracultura.com.br\/wp-content\/uploads\/2026\/01\/Vitrolab-_-VitroBaile-_Andre-Fofano-08681-600x417.jpeg",600,417,true],"colormag-elementor-grid-small-thumbnail":["https:\/\/boracultura.com.br\/wp-content\/uploads\/2026\/01\/Vitrolab-_-VitroBaile-_Andre-Fofano-08681-285x450.jpeg",285,450,true],"colormag-elementor-grid-medium-large-thumbnail":["https:\/\/boracultura.com.br\/wp-content\/uploads\/2026\/01\/Vitrolab-_-VitroBaile-_Andre-Fofano-08681-575x198.jpeg",575,198,true],"psacp-medium":["https:\/\/boracultura.com.br\/wp-content\/uploads\/2026\/01\/Vitrolab-_-VitroBaile-_Andre-Fofano-08681.jpeg",500,333,false]},"rttpg_author":{"display_name":"boracultura@gmail.com","author_link":"https:\/\/boracultura.com.br\/index.php\/author\/boraculturagmail-com\/"},"rttpg_comment":0,"rttpg_category":"<a href=\"https:\/\/boracultura.com.br\/index.php\/category\/carnaval-2\/\" rel=\"category tag\">Carnaval<\/a> <a href=\"https:\/\/boracultura.com.br\/index.php\/category\/noticias\/\" rel=\"category tag\">Not\u00edcias<\/a>","rttpg_excerpt":"Projeto especial da banda acontece nesta sexta-feira (23), com DJ e convidados, em uma noite de baile contempor\u00e2neo que antecipa","_links":{"self":[{"href":"https:\/\/boracultura.com.br\/index.php\/wp-json\/wp\/v2\/posts\/890","targetHints":{"allow":["GET"]}}],"collection":[{"href":"https:\/\/boracultura.com.br\/index.php\/wp-json\/wp\/v2\/posts"}],"about":[{"href":"https:\/\/boracultura.com.br\/index.php\/wp-json\/wp\/v2\/types\/post"}],"author":[{"embeddable":true,"href":"https:\/\/boracultura.com.br\/index.php\/wp-json\/wp\/v2\/users\/1"}],"replies":[{"embeddable":true,"href":"https:\/\/boracultura.com.br\/index.php\/wp-json\/wp\/v2\/comments?post=890"}],"version-history":[{"count":1,"href":"https:\/\/boracultura.com.br\/index.php\/wp-json\/wp\/v2\/posts\/890\/revisions"}],"predecessor-version":[{"id":891,"href":"https:\/\/boracultura.com.br\/index.php\/wp-json\/wp\/v2\/posts\/890\/revisions\/891"}],"wp:featuredmedia":[{"embeddable":true,"href":"https:\/\/boracultura.com.br\/index.php\/wp-json\/wp\/v2\/media\/889"}],"wp:attachment":[{"href":"https:\/\/boracultura.com.br\/index.php\/wp-json\/wp\/v2\/media?parent=890"}],"wp:term":[{"taxonomy":"category","embeddable":true,"href":"https:\/\/boracultura.com.br\/index.php\/wp-json\/wp\/v2\/categories?post=890"},{"taxonomy":"post_tag","embeddable":true,"href":"https:\/\/boracultura.com.br\/index.php\/wp-json\/wp\/v2\/tags?post=890"}],"curies":[{"name":"wp","href":"https:\/\/api.w.org\/{rel}","templated":true}]}}