{"id":901,"date":"2026-01-22T09:26:35","date_gmt":"2026-01-22T12:26:35","guid":{"rendered":"https:\/\/boracultura.com.br\/?p=901"},"modified":"2026-02-25T23:27:55","modified_gmt":"2026-02-26T02:27:55","slug":"carnaval-de-salvador-2026-conheca-o-carnasol-nova-festa-de-musica-eletronica-beria-mar-do-por-do-sol-ao-amanhecer","status":"publish","type":"post","link":"https:\/\/boracultura.com.br\/index.php\/2026\/01\/22\/carnaval-de-salvador-2026-conheca-o-carnasol-nova-festa-de-musica-eletronica-beria-mar-do-por-do-sol-ao-amanhecer\/","title":{"rendered":"\u200bCarnaval de Salvador 2026: Conhe\u00e7a o CARNASOL, nova festa de m\u00fasica eletr\u00f4nica beria-mar do p\u00f4r do sol ao amanhecer."},"content":{"rendered":"\n<p><\/p>\n\n\n\n<p><strong>Data:<\/strong>&nbsp;S\u00e1bado, 14 de Fevereiro \u00e0s 15:00<\/p>\n\n\n\n<p><strong>Local:<\/strong>&nbsp;Prainha do Jardim de Alah \u2013 Praiana | Esportes de areia, Treinos Funcionais, Gastronomia<\/p>\n\n\n\n<p>O Carnaval de Salvador nunca viu nada igual.<br><br>M\u00fasica eletr\u00f4nica, um cen\u00e1rio paradis\u00edaco e um amanhecer inesquec\u00edvel.&nbsp;<strong>CARNASOL<\/strong>&nbsp;nasce para transformar o CARNAVAL DE SALVADOR em um palco vibrante, onde a energia do Carnaval se encontra com a atmosfera envolvente da m\u00fasica eletr\u00f4nica.<br><br>No&nbsp;<strong>s\u00e1bado&nbsp;de Carnaval, 14 de fevereiro<\/strong>, a partir das&nbsp;<strong>15h<\/strong>, a ser\u00e1 o cen\u00e1rio de uma experi\u00eancia \u00fanica: cenografia inspirada na folia, estrutura intimista e um&nbsp;<strong>lineup cuidadosamente selecionado<\/strong>, conduzindo a pista do&nbsp;<strong>sunset ao sunrise<\/strong>.<br><br>\ud83c\udf9f\ufe0f&nbsp;<strong>Setores<\/strong><br>\ud83c\udf9f\ufe0f&nbsp;<strong>Arena<\/strong>&nbsp;<br>\ud83c\udf78&nbsp;<strong>Open Bar VIP<\/strong><br>Vodka e Gin nacional, Beats, Cerveja Puro Malte, \u00c1gua e Refrigerante.<br><br>N\u00e3o \u00e9 apenas uma festa.<br>\u00c9 um ritual de m\u00fasica, sol e celebra\u00e7\u00e3o \u00e0 beira-mar.<\/p>\n\n\n\n<p>Ingressos: <a href=\"https:\/\/musaticket.com.br\/evento\/carnasol\/271\">https:\/\/musaticket.com.br\/evento\/carnasol\/271<\/a> <\/p>\n","protected":false},"excerpt":{"rendered":"<p>Data:&nbsp;S\u00e1bado, 14 de Fevereiro \u00e0s 15:00 Local:&nbsp;Prainha do Jardim de Alah \u2013 Praiana | Esportes de areia, Treinos Funcionais, Gastronomia<\/p>\n","protected":false},"author":1,"featured_media":902,"comment_status":"open","ping_status":"open","sticky":false,"template":"","format":"standard","meta":{"colormag_page_container_layout":"default_layout","colormag_page_sidebar_layout":"default_layout","footnotes":""},"categories":[83,8],"tags":[71,148,89],"class_list":["post-901","post","type-post","status-publish","format-standard","has-post-thumbnail","hentry","category-carnaval-2","category-noticias","tag-musica","tag-musica-eletronica","tag-salvador"],"rttpg_featured_image_url":{"full":["https:\/\/boracultura.com.br\/wp-content\/uploads\/2026\/01\/carnasol2070293283-scaled.jpeg",2560,1600,false],"landscape":["https:\/\/boracultura.com.br\/wp-content\/uploads\/2026\/01\/carnasol2070293283-scaled.jpeg",2560,1600,false],"portraits":["https:\/\/boracultura.com.br\/wp-content\/uploads\/2026\/01\/carnasol2070293283-scaled.jpeg",2560,1600,false],"thumbnail":["https:\/\/boracultura.com.br\/wp-content\/uploads\/2026\/01\/carnasol2070293283-150x150.jpeg",150,150,true],"medium":["https:\/\/boracultura.com.br\/wp-content\/uploads\/2026\/01\/carnasol2070293283-300x188.jpeg",300,188,true],"large":["https:\/\/boracultura.com.br\/wp-content\/uploads\/2026\/01\/carnasol2070293283-1024x640.jpeg",800,500,true],"1536x1536":["https:\/\/boracultura.com.br\/wp-content\/uploads\/2026\/01\/carnasol2070293283-1536x960.jpeg",1536,960,true],"2048x2048":["https:\/\/boracultura.com.br\/wp-content\/uploads\/2026\/01\/carnasol2070293283-2048x1280.jpeg",2048,1280,true],"colormag-highlighted-post":["https:\/\/boracultura.com.br\/wp-content\/uploads\/2026\/01\/carnasol2070293283-392x272.jpeg",392,272,true],"colormag-featured-post-medium":["https:\/\/boracultura.com.br\/wp-content\/uploads\/2026\/01\/carnasol2070293283-390x205.jpeg",390,205,true],"colormag-featured-post-small":["https:\/\/boracultura.com.br\/wp-content\/uploads\/2026\/01\/carnasol2070293283-130x90.jpeg",130,90,true],"colormag-featured-image":["https:\/\/boracultura.com.br\/wp-content\/uploads\/2026\/01\/carnasol2070293283-800x445.jpeg",800,445,true],"colormag-default-news":["https:\/\/boracultura.com.br\/wp-content\/uploads\/2026\/01\/carnasol2070293283-150x150.jpeg",150,150,true],"colormag-featured-image-large":["https:\/\/boracultura.com.br\/wp-content\/uploads\/2026\/01\/carnasol2070293283-1400x600.jpeg",1400,600,true],"colormag-elementor-block-extra-large-thumbnail":["https:\/\/boracultura.com.br\/wp-content\/uploads\/2026\/01\/carnasol2070293283-1155x480.jpeg",1155,480,true],"colormag-elementor-grid-large-thumbnail":["https:\/\/boracultura.com.br\/wp-content\/uploads\/2026\/01\/carnasol2070293283-600x417.jpeg",600,417,true],"colormag-elementor-grid-small-thumbnail":["https:\/\/boracultura.com.br\/wp-content\/uploads\/2026\/01\/carnasol2070293283-285x450.jpeg",285,450,true],"colormag-elementor-grid-medium-large-thumbnail":["https:\/\/boracultura.com.br\/wp-content\/uploads\/2026\/01\/carnasol2070293283-575x198.jpeg",575,198,true],"psacp-medium":["https:\/\/boracultura.com.br\/wp-content\/uploads\/2026\/01\/carnasol2070293283-scaled.jpeg",500,313,false]},"rttpg_author":{"display_name":"boracultura@gmail.com","author_link":"https:\/\/boracultura.com.br\/index.php\/author\/boraculturagmail-com\/"},"rttpg_comment":0,"rttpg_category":"<a href=\"https:\/\/boracultura.com.br\/index.php\/category\/carnaval-2\/\" rel=\"category tag\">Carnaval<\/a> <a href=\"https:\/\/boracultura.com.br\/index.php\/category\/noticias\/\" rel=\"category tag\">Not\u00edcias<\/a>","rttpg_excerpt":"Data:&nbsp;S\u00e1bado, 14 de Fevereiro \u00e0s 15:00 Local:&nbsp;Prainha do Jardim de Alah \u2013 Praiana | Esportes de areia, Treinos Funcionais, Gastronomia","_links":{"self":[{"href":"https:\/\/boracultura.com.br\/index.php\/wp-json\/wp\/v2\/posts\/901","targetHints":{"allow":["GET"]}}],"collection":[{"href":"https:\/\/boracultura.com.br\/index.php\/wp-json\/wp\/v2\/posts"}],"about":[{"href":"https:\/\/boracultura.com.br\/index.php\/wp-json\/wp\/v2\/types\/post"}],"author":[{"embeddable":true,"href":"https:\/\/boracultura.com.br\/index.php\/wp-json\/wp\/v2\/users\/1"}],"replies":[{"embeddable":true,"href":"https:\/\/boracultura.com.br\/index.php\/wp-json\/wp\/v2\/comments?post=901"}],"version-history":[{"count":4,"href":"https:\/\/boracultura.com.br\/index.php\/wp-json\/wp\/v2\/posts\/901\/revisions"}],"predecessor-version":[{"id":915,"href":"https:\/\/boracultura.com.br\/index.php\/wp-json\/wp\/v2\/posts\/901\/revisions\/915"}],"wp:featuredmedia":[{"embeddable":true,"href":"https:\/\/boracultura.com.br\/index.php\/wp-json\/wp\/v2\/media\/902"}],"wp:attachment":[{"href":"https:\/\/boracultura.com.br\/index.php\/wp-json\/wp\/v2\/media?parent=901"}],"wp:term":[{"taxonomy":"category","embeddable":true,"href":"https:\/\/boracultura.com.br\/index.php\/wp-json\/wp\/v2\/categories?post=901"},{"taxonomy":"post_tag","embeddable":true,"href":"https:\/\/boracultura.com.br\/index.php\/wp-json\/wp\/v2\/tags?post=901"}],"curies":[{"name":"wp","href":"https:\/\/api.w.org\/{rel}","templated":true}]}}