{"id":919,"date":"2026-01-23T10:59:21","date_gmt":"2026-01-23T13:59:21","guid":{"rendered":"https:\/\/boracultura.com.br\/?p=919"},"modified":"2026-01-23T11:05:24","modified_gmt":"2026-01-23T14:05:24","slug":"samba-axe-e-tradicao-tiao-carvalho-e-pedrao-abib-se-encontram-na-casa-da-mae","status":"publish","type":"post","link":"https:\/\/boracultura.com.br\/index.php\/2026\/01\/23\/samba-axe-e-tradicao-tiao-carvalho-e-pedrao-abib-se-encontram-na-casa-da-mae\/","title":{"rendered":"Samba, ax\u00e9 e tradi\u00e7\u00e3o: Ti\u00e3o Carvalho e Pedr\u00e3o Abib se encontram na Casa da M\u00e3e"},"content":{"rendered":"\n<p>Ainda sob a vibra\u00e7\u00e3o da festa de Iemanj\u00e1 no Rio Vermelho, Salvador recebe um encontro daqueles que aquecem o cora\u00e7\u00e3o e fazem o samba pulsar mais forte. No dia 04 de fevereiro (quinta-feira), a partir das 21h, a Casa da M\u00e3e abre espa\u00e7o para a roda &#8220;Samba Nosso de Cada Dia&#8221;, reunindo dois grandes mestres da m\u00fasica popular brasileira: Ti\u00e3o Carvalho e Pedr\u00e3o Abib.<\/p>\n\n\n\n<p>Amigos h\u00e1 mais de trinta anos, Ti\u00e3o e Pedr\u00e3o compartilham trajet\u00f3rias profundamente ligadas ao samba, \u00e0 capoeira e \u00e0s m\u00faltiplas express\u00f5es das culturas populares brasileiras \u2014 n\u00e3o apenas como artistas, mas tamb\u00e9m como pesquisadores e guardi\u00f5es dessas tradi\u00e7\u00f5es. O reencontro no palco celebra essa afinidade antiga e se materializa numa roda de samba tradicional, cheia de afeto, ancestralidade e vigor, acompanhada pelo Samba da Democracia, grupo formado por m\u00fasicos que s\u00e3o refer\u00eancia no samba de Salvador.<\/p>\n\n\n\n<p>Maranhense de Cururupu, radicado em S\u00e3o Paulo desde os anos 1980, Ti\u00e3o Carvalho \u00e9 cantor, compositor, percussionista, capoeirista, dan\u00e7arino e brincante. Com dois \u00e1lbuns autorais lan\u00e7ados \u2014 Quando Dorme Alc\u00e2ntara (2001) e Ti\u00e3o Canta Jo\u00e3o (2006), este \u00faltimo em homenagem a Jo\u00e3o do Vale \u2014, Ti\u00e3o tamb\u00e9m integrou grupos como Mexe com Tudo e Mafu\u00e1, al\u00e9m de ser diretor art\u00edstico do Grupo Cupua\u00e7u, dedicado \u00e0s dan\u00e7as populares brasileiras. Suas composi\u00e7\u00f5es j\u00e1 foram gravadas por nomes como C\u00e1ssia Eller e Elza Soares.<br><br>J\u00e1 Pedr\u00e3o Abib, paulista de Mogi das Cruzes e radicado em Salvador desde o in\u00edcio dos anos 1990, \u00e9 sambista, compositor, capoeirista, professor da UFBA e cineasta. Com cinco \u00e1lbuns autorais lan\u00e7ados \u2014 Samba de Botequim (2009), Samba de Botequim Vol. 2 (2013), Festa no Botequim (2015), Canto a Meu Povo (2016) e Reviravolta (2020) \u2014, foi fundador do Grupo Botequim e atualmente lidera o Samba da Democracia, um dos coletivos mais atuantes da cena soteropolitana.<br><br>Para esse encontro especial, a forma\u00e7\u00e3o re\u00fane:<br><br>Pedr\u00e3o Abib (viol\u00e3o 6 cordas), Ti\u00e3o Carvalho (percuss\u00e3o), Dudu Reis (cavaquinho), Natan Drubi (viol\u00e3o 7 cordas), Leto Oliveira (percuss\u00e3o) e Leandro Tigr\u00e3o (flauta).<br><br>O repert\u00f3rio passeia pelo samba tradicional brasileiro de diferentes \u00e9pocas, al\u00e9m de composi\u00e7\u00f5es autorais de Ti\u00e3o e Pedr\u00e3o, costurando mem\u00f3ria, resist\u00eancia e celebra\u00e7\u00e3o.<br><br>Uma noite para cantar junto, bater palma, sorrir e reafirmar o samba como patrim\u00f4nio vivo do nosso cotidiano.<br><br><strong>SERVI\u00c7O<\/strong>:<br><strong>Show \u2013 Samba Nosso de Cada Dia | Ti\u00e3o Carvalho &amp; Pedr\u00e3o Abib<\/strong><br><strong>Casa da M\u00e3e \u2013 Rio Vermelho<\/strong><br><strong>04 de fevereiro (quinta-feira)<\/strong><br><strong>21h<\/strong><br><strong>Couvert: R$ 40<\/strong><\/p>\n","protected":false},"excerpt":{"rendered":"<p>Ainda sob a vibra\u00e7\u00e3o da festa de Iemanj\u00e1 no Rio Vermelho, Salvador recebe um encontro daqueles que aquecem o cora\u00e7\u00e3o<\/p>\n","protected":false},"author":1,"featured_media":920,"comment_status":"open","ping_status":"open","sticky":false,"template":"","format":"standard","meta":{"colormag_page_container_layout":"default_layout","colormag_page_sidebar_layout":"default_layout","footnotes":""},"categories":[45,8],"tags":[],"class_list":["post-919","post","type-post","status-publish","format-standard","has-post-thumbnail","hentry","category-musica","category-noticias"],"rttpg_featured_image_url":{"full":["https:\/\/boracultura.com.br\/wp-content\/uploads\/2026\/01\/TIAO-CARVALHO-E-PEDRAO-ABIB.jpg",1920,1080,false],"landscape":["https:\/\/boracultura.com.br\/wp-content\/uploads\/2026\/01\/TIAO-CARVALHO-E-PEDRAO-ABIB.jpg",1920,1080,false],"portraits":["https:\/\/boracultura.com.br\/wp-content\/uploads\/2026\/01\/TIAO-CARVALHO-E-PEDRAO-ABIB.jpg",1920,1080,false],"thumbnail":["https:\/\/boracultura.com.br\/wp-content\/uploads\/2026\/01\/TIAO-CARVALHO-E-PEDRAO-ABIB-150x150.jpg",150,150,true],"medium":["https:\/\/boracultura.com.br\/wp-content\/uploads\/2026\/01\/TIAO-CARVALHO-E-PEDRAO-ABIB-300x169.jpg",300,169,true],"large":["https:\/\/boracultura.com.br\/wp-content\/uploads\/2026\/01\/TIAO-CARVALHO-E-PEDRAO-ABIB-1024x576.jpg",800,450,true],"1536x1536":["https:\/\/boracultura.com.br\/wp-content\/uploads\/2026\/01\/TIAO-CARVALHO-E-PEDRAO-ABIB-1536x864.jpg",1536,864,true],"2048x2048":["https:\/\/boracultura.com.br\/wp-content\/uploads\/2026\/01\/TIAO-CARVALHO-E-PEDRAO-ABIB.jpg",1920,1080,false],"colormag-highlighted-post":["https:\/\/boracultura.com.br\/wp-content\/uploads\/2026\/01\/TIAO-CARVALHO-E-PEDRAO-ABIB-392x272.jpg",392,272,true],"colormag-featured-post-medium":["https:\/\/boracultura.com.br\/wp-content\/uploads\/2026\/01\/TIAO-CARVALHO-E-PEDRAO-ABIB-390x205.jpg",390,205,true],"colormag-featured-post-small":["https:\/\/boracultura.com.br\/wp-content\/uploads\/2026\/01\/TIAO-CARVALHO-E-PEDRAO-ABIB-130x90.jpg",130,90,true],"colormag-featured-image":["https:\/\/boracultura.com.br\/wp-content\/uploads\/2026\/01\/TIAO-CARVALHO-E-PEDRAO-ABIB-800x445.jpg",800,445,true],"colormag-default-news":["https:\/\/boracultura.com.br\/wp-content\/uploads\/2026\/01\/TIAO-CARVALHO-E-PEDRAO-ABIB-150x150.jpg",150,150,true],"colormag-featured-image-large":["https:\/\/boracultura.com.br\/wp-content\/uploads\/2026\/01\/TIAO-CARVALHO-E-PEDRAO-ABIB-1400x600.jpg",1400,600,true],"colormag-elementor-block-extra-large-thumbnail":["https:\/\/boracultura.com.br\/wp-content\/uploads\/2026\/01\/TIAO-CARVALHO-E-PEDRAO-ABIB-1155x480.jpg",1155,480,true],"colormag-elementor-grid-large-thumbnail":["https:\/\/boracultura.com.br\/wp-content\/uploads\/2026\/01\/TIAO-CARVALHO-E-PEDRAO-ABIB-600x417.jpg",600,417,true],"colormag-elementor-grid-small-thumbnail":["https:\/\/boracultura.com.br\/wp-content\/uploads\/2026\/01\/TIAO-CARVALHO-E-PEDRAO-ABIB-285x450.jpg",285,450,true],"colormag-elementor-grid-medium-large-thumbnail":["https:\/\/boracultura.com.br\/wp-content\/uploads\/2026\/01\/TIAO-CARVALHO-E-PEDRAO-ABIB-575x198.jpg",575,198,true],"psacp-medium":["https:\/\/boracultura.com.br\/wp-content\/uploads\/2026\/01\/TIAO-CARVALHO-E-PEDRAO-ABIB.jpg",500,281,false]},"rttpg_author":{"display_name":"boracultura@gmail.com","author_link":"https:\/\/boracultura.com.br\/index.php\/author\/boraculturagmail-com\/"},"rttpg_comment":0,"rttpg_category":"<a href=\"https:\/\/boracultura.com.br\/index.php\/category\/noticias\/musica\/\" rel=\"category tag\">M\u00fasica<\/a> <a href=\"https:\/\/boracultura.com.br\/index.php\/category\/noticias\/\" rel=\"category tag\">Not\u00edcias<\/a>","rttpg_excerpt":"Ainda sob a vibra\u00e7\u00e3o da festa de Iemanj\u00e1 no Rio Vermelho, Salvador recebe um encontro daqueles que aquecem o cora\u00e7\u00e3o","_links":{"self":[{"href":"https:\/\/boracultura.com.br\/index.php\/wp-json\/wp\/v2\/posts\/919","targetHints":{"allow":["GET"]}}],"collection":[{"href":"https:\/\/boracultura.com.br\/index.php\/wp-json\/wp\/v2\/posts"}],"about":[{"href":"https:\/\/boracultura.com.br\/index.php\/wp-json\/wp\/v2\/types\/post"}],"author":[{"embeddable":true,"href":"https:\/\/boracultura.com.br\/index.php\/wp-json\/wp\/v2\/users\/1"}],"replies":[{"embeddable":true,"href":"https:\/\/boracultura.com.br\/index.php\/wp-json\/wp\/v2\/comments?post=919"}],"version-history":[{"count":4,"href":"https:\/\/boracultura.com.br\/index.php\/wp-json\/wp\/v2\/posts\/919\/revisions"}],"predecessor-version":[{"id":926,"href":"https:\/\/boracultura.com.br\/index.php\/wp-json\/wp\/v2\/posts\/919\/revisions\/926"}],"wp:featuredmedia":[{"embeddable":true,"href":"https:\/\/boracultura.com.br\/index.php\/wp-json\/wp\/v2\/media\/920"}],"wp:attachment":[{"href":"https:\/\/boracultura.com.br\/index.php\/wp-json\/wp\/v2\/media?parent=919"}],"wp:term":[{"taxonomy":"category","embeddable":true,"href":"https:\/\/boracultura.com.br\/index.php\/wp-json\/wp\/v2\/categories?post=919"},{"taxonomy":"post_tag","embeddable":true,"href":"https:\/\/boracultura.com.br\/index.php\/wp-json\/wp\/v2\/tags?post=919"}],"curies":[{"name":"wp","href":"https:\/\/api.w.org\/{rel}","templated":true}]}}