{"id":931,"date":"2026-01-23T11:19:40","date_gmt":"2026-01-23T14:19:40","guid":{"rendered":"https:\/\/boracultura.com.br\/?p=931"},"modified":"2026-01-23T11:26:41","modified_gmt":"2026-01-23T14:26:41","slug":"ultima-chance-cyria-coentro-em-los-catedrasticos-salvador","status":"publish","type":"post","link":"https:\/\/boracultura.com.br\/index.php\/2026\/01\/23\/ultima-chance-cyria-coentro-em-los-catedrasticos-salvador\/","title":{"rendered":"\u200b\u00daltima Chance: Cyria Coentro em Los Catedr\u00e1sticos \u2013 Salvador"},"content":{"rendered":"\n<p>Este \u00e9 o \u00faltimo final de semana para o p\u00fablico conferir Cyria Coentro em cena com Los Catedr\u00e1sticos, na temporada de ver\u00e3o do espet\u00e1culo &#8220;Macetando o Apocalipse&#8221;, em cartaz no Teatro M\u00f3dulo. A atriz se despede da montagem dividindo o palco, neste fim de semana, com Luiz Pepeu, Maria Menezes e Z\u00e9u Britto, em apresenta\u00e7\u00f5es que prometem humor afiado, irrever\u00eancia e cr\u00edtica social.<\/p>\n\n\n\n<p>Criado em 1989, o grupo Los Catedr\u00e1sticos retorna aos palcos celebrando um ano de sucesso do espet\u00e1culo, que lotou sess\u00f5es em Salvador e percorreu cidades do interior da Bahia. A montagem reafirma a relev\u00e2ncia do grupo no teatro brasileiro ao unir humor provocativo, cr\u00edtica social e m\u00fasica \u2014 elemento central da cultura baiana. Nesta temporada, a playlist foi ampliada, transitando do ax\u00e9 ao funk, sem perder o tom \u00e1cido e divertido que consagrou o espet\u00e1culo junto ao p\u00fablico e \u00e0 cr\u00edtica.<\/p>\n\n\n\n<p><strong>Los Catedr\u00e1sticos \u2013 Macetando o Apocalipse<\/strong><br><br><strong>Quando: <\/strong>Sextas e s\u00e1bados, at\u00e9 28 de fevereiro<br><strong>Hor\u00e1rio: <\/strong>Sextas 20h e S\u00e1bados 19h<br><strong>Local: <\/strong>Teatro M\u00f3dulo (Pituba, Salvador)<br><strong>Ingressos: <\/strong>R$ 100,00 (inteira) | R$ 50,00 (meia)<br><strong>Vendas: <\/strong>Sympla e Bilheteria do Teatro<br><strong>Classifica\u00e7\u00e3o: <\/strong>14 anos<br><strong>Dire\u00e7\u00e3o: <\/strong>Paulo Dourado<br><br><strong>Assessoria de Imprensa &#8211; Doris Pinheiro 71 98896-5016<\/strong><\/p>\n","protected":false},"excerpt":{"rendered":"<p>Este \u00e9 o \u00faltimo final de semana para o p\u00fablico conferir Cyria Coentro em cena com Los Catedr\u00e1sticos, na temporada<\/p>\n","protected":false},"author":1,"featured_media":935,"comment_status":"open","ping_status":"open","sticky":false,"template":"","format":"standard","meta":{"colormag_page_container_layout":"default_layout","colormag_page_sidebar_layout":"default_layout","footnotes":""},"categories":[8,46],"tags":[36,22,89,23,95,21],"class_list":["post-931","post","type-post","status-publish","format-standard","has-post-thumbnail","hentry","category-noticias","category-teatro","tag-cultura","tag-cultura-bahia","tag-salvador","tag-teatro","tag-teatro-baiano","tag-teatro-salvador"],"rttpg_featured_image_url":{"full":["https:\/\/boracultura.com.br\/wp-content\/uploads\/2026\/01\/Pepeu-Los-Catedrasitcos-c-Debora-70-13-1.jpg.jpeg",1060,738,false],"landscape":["https:\/\/boracultura.com.br\/wp-content\/uploads\/2026\/01\/Pepeu-Los-Catedrasitcos-c-Debora-70-13-1.jpg.jpeg",1060,738,false],"portraits":["https:\/\/boracultura.com.br\/wp-content\/uploads\/2026\/01\/Pepeu-Los-Catedrasitcos-c-Debora-70-13-1.jpg.jpeg",1060,738,false],"thumbnail":["https:\/\/boracultura.com.br\/wp-content\/uploads\/2026\/01\/Pepeu-Los-Catedrasitcos-c-Debora-70-13-1.jpg-150x150.jpeg",150,150,true],"medium":["https:\/\/boracultura.com.br\/wp-content\/uploads\/2026\/01\/Pepeu-Los-Catedrasitcos-c-Debora-70-13-1.jpg-300x209.jpeg",300,209,true],"large":["https:\/\/boracultura.com.br\/wp-content\/uploads\/2026\/01\/Pepeu-Los-Catedrasitcos-c-Debora-70-13-1.jpg-1024x713.jpeg",800,557,true],"1536x1536":["https:\/\/boracultura.com.br\/wp-content\/uploads\/2026\/01\/Pepeu-Los-Catedrasitcos-c-Debora-70-13-1.jpg.jpeg",1060,738,false],"2048x2048":["https:\/\/boracultura.com.br\/wp-content\/uploads\/2026\/01\/Pepeu-Los-Catedrasitcos-c-Debora-70-13-1.jpg.jpeg",1060,738,false],"colormag-highlighted-post":["https:\/\/boracultura.com.br\/wp-content\/uploads\/2026\/01\/Pepeu-Los-Catedrasitcos-c-Debora-70-13-1.jpg-392x272.jpeg",392,272,true],"colormag-featured-post-medium":["https:\/\/boracultura.com.br\/wp-content\/uploads\/2026\/01\/Pepeu-Los-Catedrasitcos-c-Debora-70-13-1.jpg-390x205.jpeg",390,205,true],"colormag-featured-post-small":["https:\/\/boracultura.com.br\/wp-content\/uploads\/2026\/01\/Pepeu-Los-Catedrasitcos-c-Debora-70-13-1.jpg-130x90.jpeg",130,90,true],"colormag-featured-image":["https:\/\/boracultura.com.br\/wp-content\/uploads\/2026\/01\/Pepeu-Los-Catedrasitcos-c-Debora-70-13-1.jpg-800x445.jpeg",800,445,true],"colormag-default-news":["https:\/\/boracultura.com.br\/wp-content\/uploads\/2026\/01\/Pepeu-Los-Catedrasitcos-c-Debora-70-13-1.jpg-150x150.jpeg",150,150,true],"colormag-featured-image-large":["https:\/\/boracultura.com.br\/wp-content\/uploads\/2026\/01\/Pepeu-Los-Catedrasitcos-c-Debora-70-13-1.jpg-1060x600.jpeg",1060,600,true],"colormag-elementor-block-extra-large-thumbnail":["https:\/\/boracultura.com.br\/wp-content\/uploads\/2026\/01\/Pepeu-Los-Catedrasitcos-c-Debora-70-13-1.jpg-1060x480.jpeg",1060,480,true],"colormag-elementor-grid-large-thumbnail":["https:\/\/boracultura.com.br\/wp-content\/uploads\/2026\/01\/Pepeu-Los-Catedrasitcos-c-Debora-70-13-1.jpg-600x417.jpeg",600,417,true],"colormag-elementor-grid-small-thumbnail":["https:\/\/boracultura.com.br\/wp-content\/uploads\/2026\/01\/Pepeu-Los-Catedrasitcos-c-Debora-70-13-1.jpg-285x450.jpeg",285,450,true],"colormag-elementor-grid-medium-large-thumbnail":["https:\/\/boracultura.com.br\/wp-content\/uploads\/2026\/01\/Pepeu-Los-Catedrasitcos-c-Debora-70-13-1.jpg-575x198.jpeg",575,198,true],"psacp-medium":["https:\/\/boracultura.com.br\/wp-content\/uploads\/2026\/01\/Pepeu-Los-Catedrasitcos-c-Debora-70-13-1.jpg.jpeg",500,348,false]},"rttpg_author":{"display_name":"boracultura@gmail.com","author_link":"https:\/\/boracultura.com.br\/index.php\/author\/boraculturagmail-com\/"},"rttpg_comment":0,"rttpg_category":"<a href=\"https:\/\/boracultura.com.br\/index.php\/category\/noticias\/\" rel=\"category tag\">Not\u00edcias<\/a> <a href=\"https:\/\/boracultura.com.br\/index.php\/category\/noticias\/teatro\/\" rel=\"category tag\">Teatro<\/a>","rttpg_excerpt":"Este \u00e9 o \u00faltimo final de semana para o p\u00fablico conferir Cyria Coentro em cena com Los Catedr\u00e1sticos, na temporada","_links":{"self":[{"href":"https:\/\/boracultura.com.br\/index.php\/wp-json\/wp\/v2\/posts\/931","targetHints":{"allow":["GET"]}}],"collection":[{"href":"https:\/\/boracultura.com.br\/index.php\/wp-json\/wp\/v2\/posts"}],"about":[{"href":"https:\/\/boracultura.com.br\/index.php\/wp-json\/wp\/v2\/types\/post"}],"author":[{"embeddable":true,"href":"https:\/\/boracultura.com.br\/index.php\/wp-json\/wp\/v2\/users\/1"}],"replies":[{"embeddable":true,"href":"https:\/\/boracultura.com.br\/index.php\/wp-json\/wp\/v2\/comments?post=931"}],"version-history":[{"count":2,"href":"https:\/\/boracultura.com.br\/index.php\/wp-json\/wp\/v2\/posts\/931\/revisions"}],"predecessor-version":[{"id":936,"href":"https:\/\/boracultura.com.br\/index.php\/wp-json\/wp\/v2\/posts\/931\/revisions\/936"}],"wp:featuredmedia":[{"embeddable":true,"href":"https:\/\/boracultura.com.br\/index.php\/wp-json\/wp\/v2\/media\/935"}],"wp:attachment":[{"href":"https:\/\/boracultura.com.br\/index.php\/wp-json\/wp\/v2\/media?parent=931"}],"wp:term":[{"taxonomy":"category","embeddable":true,"href":"https:\/\/boracultura.com.br\/index.php\/wp-json\/wp\/v2\/categories?post=931"},{"taxonomy":"post_tag","embeddable":true,"href":"https:\/\/boracultura.com.br\/index.php\/wp-json\/wp\/v2\/tags?post=931"}],"curies":[{"name":"wp","href":"https:\/\/api.w.org\/{rel}","templated":true}]}}