{"id":937,"date":"2026-01-23T11:29:39","date_gmt":"2026-01-23T14:29:39","guid":{"rendered":"https:\/\/boracultura.com.br\/?p=937"},"modified":"2026-01-23T11:31:42","modified_gmt":"2026-01-23T14:31:42","slug":"por-do-sol-com-samba-edil-pacheco-e-atracao-no-sesi-rio-vermelho-dia-25-domingo","status":"publish","type":"post","link":"https:\/\/boracultura.com.br\/index.php\/2026\/01\/23\/por-do-sol-com-samba-edil-pacheco-e-atracao-no-sesi-rio-vermelho-dia-25-domingo\/","title":{"rendered":"\u200bP\u00f4r do sol com Samba: Edil Pacheco \u00e9 atra\u00e7\u00e3o no SESI Rio Vermelho dia 25 (domingo)"},"content":{"rendered":"\n<p>\u200bO p\u00f4r do sol no Rio Vermelho ser\u00e1 palco da segunda edi\u00e7\u00e3o do Salvador em Serenata de Ver\u00e3o. <br><br>No dia 25 de janeiro, \u00e0s 16h30, a Varanda do SESI recebe um encontro musical que une a tradi\u00e7\u00e3o das serenatas \u00e0 brisa do mar baiano.<br><br>\u200bSob dire\u00e7\u00e3o de Lula Gazineu, o espet\u00e1culo re\u00fane nomes como Cinho Damatta, Giroux Wamziler, Pablo Moraes, Priscila Magalh\u00e3es e Roberval Santos. O grande destaque da noite \u00e9 o mestre Edil Pacheco. Aos 80 anos, o \u00edcone do samba e parceiro de Gilberto Gil e Luiz Melodia traz cl\u00e1ssicos como &#8220;Ijex\u00e1&#8221; para um show intimista e refinado.<br><br><strong>\u200bServi\u00e7o<\/strong>:<br><br>\u200bEvento: Salvador em Serenata de Ver\u00e3o 2 edi\u00e7\u00e3o \u2013 convida Edil Pacheco<br>\u200bData: 25 de janeiro de 2026 (domingo)<br>\u200bHor\u00e1rio: A partir das 16h30<br>\u200bLocal: Varanda do SESI Rio Vermelho<br>\u200bEndere\u00e7o: Rua Borges dos Reis, 09 \u2013 Rio Vermelho, Salvador (BA)<br>\u200bValores: Couvert R$ 50,00 | Casadinha antecipada R$ 80,00<br>\u200bReservas (WhatsApp): (71) 9 9160-9140<br>\u200bRealiza\u00e7\u00e3o: Projeto Cores &amp; Nomes, Hessel, Casa 98 &amp; Siri Produ\u00e7\u00f5es, Doris Pinheiro e Teatro SESI\/FIEB.<\/p>\n","protected":false},"excerpt":{"rendered":"<p>\u200bO p\u00f4r do sol no Rio Vermelho ser\u00e1 palco da segunda edi\u00e7\u00e3o do Salvador em Serenata de Ver\u00e3o. No dia<\/p>\n","protected":false},"author":1,"featured_media":939,"comment_status":"open","ping_status":"open","sticky":false,"template":"","format":"standard","meta":{"colormag_page_container_layout":"default_layout","colormag_page_sidebar_layout":"default_layout","footnotes":""},"categories":[45,8],"tags":[],"class_list":["post-937","post","type-post","status-publish","format-standard","has-post-thumbnail","hentry","category-musica","category-noticias"],"rttpg_featured_image_url":{"full":["https:\/\/boracultura.com.br\/wp-content\/uploads\/2026\/01\/Salvador-em-Serenata-foto-Augusto-Hessel-001-1-scaled.jpg",2560,1928,false],"landscape":["https:\/\/boracultura.com.br\/wp-content\/uploads\/2026\/01\/Salvador-em-Serenata-foto-Augusto-Hessel-001-1-scaled.jpg",2560,1928,false],"portraits":["https:\/\/boracultura.com.br\/wp-content\/uploads\/2026\/01\/Salvador-em-Serenata-foto-Augusto-Hessel-001-1-scaled.jpg",2560,1928,false],"thumbnail":["https:\/\/boracultura.com.br\/wp-content\/uploads\/2026\/01\/Salvador-em-Serenata-foto-Augusto-Hessel-001-1-150x150.jpg",150,150,true],"medium":["https:\/\/boracultura.com.br\/wp-content\/uploads\/2026\/01\/Salvador-em-Serenata-foto-Augusto-Hessel-001-1-300x226.jpg",300,226,true],"large":["https:\/\/boracultura.com.br\/wp-content\/uploads\/2026\/01\/Salvador-em-Serenata-foto-Augusto-Hessel-001-1-1024x771.jpg",800,602,true],"1536x1536":["https:\/\/boracultura.com.br\/wp-content\/uploads\/2026\/01\/Salvador-em-Serenata-foto-Augusto-Hessel-001-1-1536x1157.jpg",1536,1157,true],"2048x2048":["https:\/\/boracultura.com.br\/wp-content\/uploads\/2026\/01\/Salvador-em-Serenata-foto-Augusto-Hessel-001-1-2048x1542.jpg",2048,1542,true],"colormag-highlighted-post":["https:\/\/boracultura.com.br\/wp-content\/uploads\/2026\/01\/Salvador-em-Serenata-foto-Augusto-Hessel-001-1-392x272.jpg",392,272,true],"colormag-featured-post-medium":["https:\/\/boracultura.com.br\/wp-content\/uploads\/2026\/01\/Salvador-em-Serenata-foto-Augusto-Hessel-001-1-390x205.jpg",390,205,true],"colormag-featured-post-small":["https:\/\/boracultura.com.br\/wp-content\/uploads\/2026\/01\/Salvador-em-Serenata-foto-Augusto-Hessel-001-1-130x90.jpg",130,90,true],"colormag-featured-image":["https:\/\/boracultura.com.br\/wp-content\/uploads\/2026\/01\/Salvador-em-Serenata-foto-Augusto-Hessel-001-1-800x445.jpg",800,445,true],"colormag-default-news":["https:\/\/boracultura.com.br\/wp-content\/uploads\/2026\/01\/Salvador-em-Serenata-foto-Augusto-Hessel-001-1-150x150.jpg",150,150,true],"colormag-featured-image-large":["https:\/\/boracultura.com.br\/wp-content\/uploads\/2026\/01\/Salvador-em-Serenata-foto-Augusto-Hessel-001-1-1400x600.jpg",1400,600,true],"colormag-elementor-block-extra-large-thumbnail":["https:\/\/boracultura.com.br\/wp-content\/uploads\/2026\/01\/Salvador-em-Serenata-foto-Augusto-Hessel-001-1-1155x480.jpg",1155,480,true],"colormag-elementor-grid-large-thumbnail":["https:\/\/boracultura.com.br\/wp-content\/uploads\/2026\/01\/Salvador-em-Serenata-foto-Augusto-Hessel-001-1-600x417.jpg",600,417,true],"colormag-elementor-grid-small-thumbnail":["https:\/\/boracultura.com.br\/wp-content\/uploads\/2026\/01\/Salvador-em-Serenata-foto-Augusto-Hessel-001-1-285x450.jpg",285,450,true],"colormag-elementor-grid-medium-large-thumbnail":["https:\/\/boracultura.com.br\/wp-content\/uploads\/2026\/01\/Salvador-em-Serenata-foto-Augusto-Hessel-001-1-575x198.jpg",575,198,true],"psacp-medium":["https:\/\/boracultura.com.br\/wp-content\/uploads\/2026\/01\/Salvador-em-Serenata-foto-Augusto-Hessel-001-1-scaled.jpg",500,377,false]},"rttpg_author":{"display_name":"boracultura@gmail.com","author_link":"https:\/\/boracultura.com.br\/index.php\/author\/boraculturagmail-com\/"},"rttpg_comment":0,"rttpg_category":"<a href=\"https:\/\/boracultura.com.br\/index.php\/category\/noticias\/musica\/\" rel=\"category tag\">M\u00fasica<\/a> <a href=\"https:\/\/boracultura.com.br\/index.php\/category\/noticias\/\" rel=\"category tag\">Not\u00edcias<\/a>","rttpg_excerpt":"\u200bO p\u00f4r do sol no Rio Vermelho ser\u00e1 palco da segunda edi\u00e7\u00e3o do Salvador em Serenata de Ver\u00e3o. No dia","_links":{"self":[{"href":"https:\/\/boracultura.com.br\/index.php\/wp-json\/wp\/v2\/posts\/937","targetHints":{"allow":["GET"]}}],"collection":[{"href":"https:\/\/boracultura.com.br\/index.php\/wp-json\/wp\/v2\/posts"}],"about":[{"href":"https:\/\/boracultura.com.br\/index.php\/wp-json\/wp\/v2\/types\/post"}],"author":[{"embeddable":true,"href":"https:\/\/boracultura.com.br\/index.php\/wp-json\/wp\/v2\/users\/1"}],"replies":[{"embeddable":true,"href":"https:\/\/boracultura.com.br\/index.php\/wp-json\/wp\/v2\/comments?post=937"}],"version-history":[{"count":1,"href":"https:\/\/boracultura.com.br\/index.php\/wp-json\/wp\/v2\/posts\/937\/revisions"}],"predecessor-version":[{"id":938,"href":"https:\/\/boracultura.com.br\/index.php\/wp-json\/wp\/v2\/posts\/937\/revisions\/938"}],"wp:featuredmedia":[{"embeddable":true,"href":"https:\/\/boracultura.com.br\/index.php\/wp-json\/wp\/v2\/media\/939"}],"wp:attachment":[{"href":"https:\/\/boracultura.com.br\/index.php\/wp-json\/wp\/v2\/media?parent=937"}],"wp:term":[{"taxonomy":"category","embeddable":true,"href":"https:\/\/boracultura.com.br\/index.php\/wp-json\/wp\/v2\/categories?post=937"},{"taxonomy":"post_tag","embeddable":true,"href":"https:\/\/boracultura.com.br\/index.php\/wp-json\/wp\/v2\/tags?post=937"}],"curies":[{"name":"wp","href":"https:\/\/api.w.org\/{rel}","templated":true}]}}