{"id":940,"date":"2026-01-23T11:36:57","date_gmt":"2026-01-23T14:36:57","guid":{"rendered":"https:\/\/boracultura.com.br\/?p=940"},"modified":"2026-01-23T11:38:08","modified_gmt":"2026-01-23T14:38:08","slug":"pedro-ponde-faz-show-de-verao-no-dia-30-de-janeiro-no-colaborae","status":"publish","type":"post","link":"https:\/\/boracultura.com.br\/index.php\/2026\/01\/23\/pedro-ponde-faz-show-de-verao-no-dia-30-de-janeiro-no-colaborae\/","title":{"rendered":"Pedro Pond\u00e9 faz show de ver\u00e3o no dia 30 de janeiro no Colabora\u00ea\u00a0"},"content":{"rendered":"\n<p>Em pleno calor e agito do ver\u00e3o de Salvador, o cantor baiano Pedro Pond\u00e9 convida o p\u00fablico para uma noite cheia de efervesc\u00eancia, musicalidade e baianidade, que j\u00e1 s\u00e3o marcas registradas das suas performances. No dia 30 de janeiro, a partir das 21h, o artista sobe ao palco do Colabora\u00ea, no Rio Vermelho, para apresentar seu show de ver\u00e3o, uma celebra\u00e7\u00e3o vibrante de pertencimento, afeto e identidade intensamente soteropolitana.&nbsp;<\/p>\n\n\n\n<p>Em formato pr\u00f3ximo e acolhedor, o encontro contar\u00e1 com a participa\u00e7\u00e3o especial do cantor, compositor, guitarrista, produtor musical e parceiro art\u00edstico de Pond\u00e9, Jackson Almeida. O show tamb\u00e9m marca a primeira apresenta\u00e7\u00e3o ao vivo do single &#8220;Liga 071&#8221;, aposta do artista para a esta\u00e7\u00e3o mais quente do ano, que chega \u00e0s plataformas digitais nesta sexta-feira (23).&nbsp;<\/p>\n\n\n\n<p>&#8220;Liga 071&#8221; simboliza um novo momento na carreira de Pond\u00e9, artista com mais de duas d\u00e9cadas de destaque na m\u00fasica pop autoral contempor\u00e2nea, reconhecido pela versatilidade ao conectar o pop brasileiro \u00e0s matrizes da MPB, do reggae, do rock alternativo e da m\u00fasica baiana. Al\u00e9m das novidades, o repert\u00f3rio revisita sucessos da sua carreira, criando uma experi\u00eancia que costura presen\u00e7a, escuta e conex\u00e3o entre artista, territ\u00f3rio e os f\u00e3s.<\/p>\n\n\n\n<p><strong>ATRA\u00c7\u00c3O CONVIDADA &#8211;<\/strong>&nbsp;A noite ganha arranjos ainda mais especiais com a participa\u00e7\u00e3o de Jack, convidado que divide com Pond\u00e9 n\u00e3o apenas o palco, mas uma sintonia art\u00edstica constru\u00edda recentemente em est\u00fadio. Parceiros no single&nbsp;<em>E Quando Bate a Saudade<\/em>, lan\u00e7ado em dezembro, os dois se reencontram ao vivo para cantar esse di\u00e1logo musical que fala de amor, saudade e intensidade.<\/p>\n\n\n\n<p>Reconhecido pelo trabalho enquanto guitarrista, produtor, arranjador e diretor musical em grava\u00e7\u00f5es ao lado de artistas baianos como Carlinhos Brown, Timbalada, Banda Eva e Asa de \u00c1guia, Jack vive agora uma nova fase ao assumir carreira solo desde o \u00faltimo m\u00eas de dezembro Desde ent\u00e3o, o artista vem apresentando ao p\u00fablico um repert\u00f3rio autoral que inclui colabora\u00e7\u00f5es com Pedro Pond\u00e9, em&nbsp;<em>E Quando Bate a Saudade,<\/em>&nbsp;e Saulo Fernandes, em&nbsp;<em>Ao Amor Que Vai Chegar<\/em>, revelando um compositor que transforma viv\u00eancia, coragem e sensibilidade em melodia.<\/p>\n\n\n\n<p><strong>NOVO SINGLE &#8211;<\/strong>&nbsp;A faixa&nbsp;<em>Liga 071&nbsp;<\/em>reafirma a rela\u00e7\u00e3o profunda do artista com Salvador, transmitindo a ess\u00eancia de um territ\u00f3rio que pulsa cultura, espiritualidade e mem\u00f3ria. Com produ\u00e7\u00e3o de Marcelo Santana, o single nasceu do encontro criativo entre Jo\u00e3o Xavier, Fernando Macuna e Pedro Pond\u00e9 e resultou na fus\u00e3o entre reggae, samba-reggae, m\u00fasica baiana e elementos eletr\u00f4nicos.&nbsp;<\/p>\n\n\n\n<p><strong>AGENDA DE VER\u00c3O 2026 &#8211;<\/strong>&nbsp;E o ver\u00e3o de Pedro Pond\u00e9 n\u00e3o para por a\u00ed. Em contagem regressiva para o Carnaval, o artista faz participa\u00e7\u00e3o especial no tradicional &#8220;Baile do Luiz&#8221;, comandado por Luiz Caldas, no dia 8 de fevereiro (domingo), a partir das 16h, na Ch\u00e1cara Baluarte, no Santo Ant\u00f4nio Al\u00e9m do Carmo. O encontro abre oficialmente a maratona carnavalesca ao lado do criador da Ax\u00e9 Music, reunindo dois nomes de trajet\u00f3rias s\u00f3lidas da m\u00fasica baiana em uma pr\u00e9via da folia que celebra diversidade sonora, criatividade e a vibra\u00e7\u00e3o \u00fanica do Centro Hist\u00f3rico de Salvador.<\/p>\n\n\n\n<p><strong>SERVI\u00c7O<\/strong><\/p>\n\n\n\n<p><strong>Show:<\/strong>&nbsp;Pedro Pond\u00e9<\/p>\n\n\n\n<p><strong>Participa\u00e7\u00e3o especial:<\/strong>&nbsp;Jack<br><strong>Data:<\/strong>&nbsp;30 de janeiro de 2026 (sexta-feira)<br><strong>Hor\u00e1rio:<\/strong>&nbsp;21h<br><strong>Local:<\/strong>&nbsp;Colabora\u00ea<br><strong>Endere\u00e7o:<\/strong>&nbsp;R. Borges dos Reis, 81 &#8211; Rio Vermelho, Salvador &#8211; BA<\/p>\n\n\n\n<p><strong>Ingressos:<\/strong>&nbsp;Sympla<\/p>\n\n\n\n<p><strong>Link:<\/strong>&nbsp;<a href=\"https:\/\/www.sympla.com.br\/evento\/pedro-ponde-na-colaborae\/3267081?utm_source=chatgpt.com\" target=\"_blank\" rel=\"noreferrer noopener\">https:\/\/www.sympla.com.br\/evento\/pedro-ponde-na-colaborae\/3267081<\/a><\/p>\n\n\n\n<p><strong>Classifica\u00e7\u00e3o indicativa:<\/strong>&nbsp;18 anos<br><strong>Realiza\u00e7\u00e3o:<\/strong>&nbsp;RUFFO<\/p>\n","protected":false},"excerpt":{"rendered":"<p>Em pleno calor e agito do ver\u00e3o de Salvador, o cantor baiano Pedro Pond\u00e9 convida o p\u00fablico para uma noite<\/p>\n","protected":false},"author":1,"featured_media":941,"comment_status":"open","ping_status":"open","sticky":false,"template":"","format":"standard","meta":{"colormag_page_container_layout":"default_layout","colormag_page_sidebar_layout":"default_layout","footnotes":""},"categories":[45,8],"tags":[106,89],"class_list":["post-940","post","type-post","status-publish","format-standard","has-post-thumbnail","hentry","category-musica","category-noticias","tag-musica-2","tag-salvador"],"rttpg_featured_image_url":{"full":["https:\/\/boracultura.com.br\/wp-content\/uploads\/2026\/01\/InShot_20260123_113508995-scaled.jpg",2560,1814,false],"landscape":["https:\/\/boracultura.com.br\/wp-content\/uploads\/2026\/01\/InShot_20260123_113508995-scaled.jpg",2560,1814,false],"portraits":["https:\/\/boracultura.com.br\/wp-content\/uploads\/2026\/01\/InShot_20260123_113508995-scaled.jpg",2560,1814,false],"thumbnail":["https:\/\/boracultura.com.br\/wp-content\/uploads\/2026\/01\/InShot_20260123_113508995-150x150.jpg",150,150,true],"medium":["https:\/\/boracultura.com.br\/wp-content\/uploads\/2026\/01\/InShot_20260123_113508995-300x213.jpg",300,213,true],"large":["https:\/\/boracultura.com.br\/wp-content\/uploads\/2026\/01\/InShot_20260123_113508995-1024x726.jpg",800,567,true],"1536x1536":["https:\/\/boracultura.com.br\/wp-content\/uploads\/2026\/01\/InShot_20260123_113508995-1536x1088.jpg",1536,1088,true],"2048x2048":["https:\/\/boracultura.com.br\/wp-content\/uploads\/2026\/01\/InShot_20260123_113508995-2048x1451.jpg",2048,1451,true],"colormag-highlighted-post":["https:\/\/boracultura.com.br\/wp-content\/uploads\/2026\/01\/InShot_20260123_113508995-392x272.jpg",392,272,true],"colormag-featured-post-medium":["https:\/\/boracultura.com.br\/wp-content\/uploads\/2026\/01\/InShot_20260123_113508995-390x205.jpg",390,205,true],"colormag-featured-post-small":["https:\/\/boracultura.com.br\/wp-content\/uploads\/2026\/01\/InShot_20260123_113508995-130x90.jpg",130,90,true],"colormag-featured-image":["https:\/\/boracultura.com.br\/wp-content\/uploads\/2026\/01\/InShot_20260123_113508995-800x445.jpg",800,445,true],"colormag-default-news":["https:\/\/boracultura.com.br\/wp-content\/uploads\/2026\/01\/InShot_20260123_113508995-150x150.jpg",150,150,true],"colormag-featured-image-large":["https:\/\/boracultura.com.br\/wp-content\/uploads\/2026\/01\/InShot_20260123_113508995-1400x600.jpg",1400,600,true],"colormag-elementor-block-extra-large-thumbnail":["https:\/\/boracultura.com.br\/wp-content\/uploads\/2026\/01\/InShot_20260123_113508995-1155x480.jpg",1155,480,true],"colormag-elementor-grid-large-thumbnail":["https:\/\/boracultura.com.br\/wp-content\/uploads\/2026\/01\/InShot_20260123_113508995-600x417.jpg",600,417,true],"colormag-elementor-grid-small-thumbnail":["https:\/\/boracultura.com.br\/wp-content\/uploads\/2026\/01\/InShot_20260123_113508995-285x450.jpg",285,450,true],"colormag-elementor-grid-medium-large-thumbnail":["https:\/\/boracultura.com.br\/wp-content\/uploads\/2026\/01\/InShot_20260123_113508995-575x198.jpg",575,198,true],"psacp-medium":["https:\/\/boracultura.com.br\/wp-content\/uploads\/2026\/01\/InShot_20260123_113508995-scaled.jpg",500,354,false]},"rttpg_author":{"display_name":"boracultura@gmail.com","author_link":"https:\/\/boracultura.com.br\/index.php\/author\/boraculturagmail-com\/"},"rttpg_comment":0,"rttpg_category":"<a href=\"https:\/\/boracultura.com.br\/index.php\/category\/noticias\/musica\/\" rel=\"category tag\">M\u00fasica<\/a> <a href=\"https:\/\/boracultura.com.br\/index.php\/category\/noticias\/\" rel=\"category tag\">Not\u00edcias<\/a>","rttpg_excerpt":"Em pleno calor e agito do ver\u00e3o de Salvador, o cantor baiano Pedro Pond\u00e9 convida o p\u00fablico para uma noite","_links":{"self":[{"href":"https:\/\/boracultura.com.br\/index.php\/wp-json\/wp\/v2\/posts\/940","targetHints":{"allow":["GET"]}}],"collection":[{"href":"https:\/\/boracultura.com.br\/index.php\/wp-json\/wp\/v2\/posts"}],"about":[{"href":"https:\/\/boracultura.com.br\/index.php\/wp-json\/wp\/v2\/types\/post"}],"author":[{"embeddable":true,"href":"https:\/\/boracultura.com.br\/index.php\/wp-json\/wp\/v2\/users\/1"}],"replies":[{"embeddable":true,"href":"https:\/\/boracultura.com.br\/index.php\/wp-json\/wp\/v2\/comments?post=940"}],"version-history":[{"count":1,"href":"https:\/\/boracultura.com.br\/index.php\/wp-json\/wp\/v2\/posts\/940\/revisions"}],"predecessor-version":[{"id":942,"href":"https:\/\/boracultura.com.br\/index.php\/wp-json\/wp\/v2\/posts\/940\/revisions\/942"}],"wp:featuredmedia":[{"embeddable":true,"href":"https:\/\/boracultura.com.br\/index.php\/wp-json\/wp\/v2\/media\/941"}],"wp:attachment":[{"href":"https:\/\/boracultura.com.br\/index.php\/wp-json\/wp\/v2\/media?parent=940"}],"wp:term":[{"taxonomy":"category","embeddable":true,"href":"https:\/\/boracultura.com.br\/index.php\/wp-json\/wp\/v2\/categories?post=940"},{"taxonomy":"post_tag","embeddable":true,"href":"https:\/\/boracultura.com.br\/index.php\/wp-json\/wp\/v2\/tags?post=940"}],"curies":[{"name":"wp","href":"https:\/\/api.w.org\/{rel}","templated":true}]}}