{"id":965,"date":"2026-01-26T10:59:17","date_gmt":"2026-01-26T13:59:17","guid":{"rendered":"https:\/\/boracultura.com.br\/?p=965"},"modified":"2026-02-25T23:27:35","modified_gmt":"2026-02-26T02:27:35","slug":"baile-a-fantasia-no-barco-do-samba-com-o-aquarela-do-samba-na-baia-de-todos-os-santos","status":"publish","type":"post","link":"https:\/\/boracultura.com.br\/index.php\/2026\/01\/26\/baile-a-fantasia-no-barco-do-samba-com-o-aquarela-do-samba-na-baia-de-todos-os-santos\/","title":{"rendered":"Baile \u00e0 Fantasia no Barco do Samba com o Aquarela do Samba na Ba\u00eda de Todos-os-Santos"},"content":{"rendered":"\n<p>O Carnaval sobre as \u00e1guas da Ba\u00eda de Todos-os-Santos come\u00e7a em grande estilo. No s\u00e1bado, 07 de fevereiro de 2026, o Grupo Aquarela do Samba convida o p\u00fablico para viver uma das experi\u00eancias mais animadas e charmosas da esta\u00e7\u00e3o: o Baile \u00e0 Fantasia no Barco do Samba.<\/p>\n\n\n\n<p>A sa\u00edda acontece a partir das 15h, no Terminal N\u00e1utico do Com\u00e9rcio, com embarque antecipado para que ningu\u00e9m perca nenhum momento da festa. \u00c0s 16h em ponto, a escuna zarpa para um passeio inesquec\u00edvel, navegando pela Ba\u00eda de Todos-os-Santos ao som de muito samba, marchinhas e cl\u00e1ssicos carnavalescos, reunindo gente bonita, alegria e boas vibra\u00e7\u00f5es.<\/p>\n\n\n\n<p>O roteiro inclui a passagem pela orla da cidade at\u00e9 o Porto da Barra, onde o barco faz uma parada especial para que todos possam apreciar o p\u00f4r do sol, um dos mais bonitos de Salvador. Em seguida, o passeio segue em dire\u00e7\u00e3o \u00e0 Ponta de Humait\u00e1, retornando depois ao Terminal N\u00e1utico. A festa tem previs\u00e3o de encerramento \u00e0s 19h.<\/p>\n\n\n\n<p>Al\u00e9m do show contagiante do Aquarela do Samba, o baile recebe convidados especiais que prometem elevar ainda mais a anima\u00e7\u00e3o: Jota Z\u00f4 (apresentador, radialista, cantor e compositor da Banda Remandiola), Girlene Bastos (cantora, compositora e professora de m\u00fasica), Henrique e sua Charanga, al\u00e9m de Janne Lucy e Tammy Sena, diretamente de Rio Real, a Terra da Laranja.<\/p>\n\n\n\n<p>O barco tem capacidade para at\u00e9 180 pessoas, oferecendo conforto e estrutura completa, com diversas op\u00e7\u00f5es de comidas e bebidas \u00e0 venda a bordo. Por quest\u00f5es de seguran\u00e7a, n\u00e3o \u00e9 permitida a entrada com alimentos ou bebidas.<\/p>\n\n\n\n<p>Com fantasias criativas, clima de celebra\u00e7\u00e3o e o mar como cen\u00e1rio, o Baile \u00e0 Fantasia no Barco do Samba j\u00e1 se consolidou como um dos eventos mais aguardados do ver\u00e3o e do pr\u00e9-Carnaval de Salvador.<\/p>\n\n\n\n<p><strong>Servi\u00e7o<\/strong><strong><br><\/strong><strong>Baile \u00e0 Fantasia no Barco do Samba \u2013 Aquarela do Samba<\/strong><strong><br><\/strong>Data: s\u00e1bado, <strong>07 de fevereiro de 2026<\/strong><strong><br><\/strong>Hor\u00e1rio: embarque a partir das <strong>15h<\/strong> | sa\u00edda do barco \u00e0s <strong>16h<\/strong><strong><br><\/strong>Local: <strong>Terminal N\u00e1utico do Com\u00e9rcio<\/strong> \u2013 Salvador<br>Encerramento previsto: <strong>19h<\/strong><\/p>\n\n\n\n<p><strong>Ingressos (Pix):<\/strong><strong><br><\/strong>Individual: <strong>R$ 130<\/strong><strong><br><\/strong>Casadinha: <strong>R$ 240<\/strong><\/p>\n\n\n\n<p><strong>Vendas e informa\u00e7\u00f5es:<\/strong><strong><br><\/strong>(71) 99199-7411 \u2013 Wilson Sales<br>(71) 99922-1308 \u2013 Jota Z\u00f4<br>E-mail: <strong>banda@aquareladosamba.com.br<\/strong><\/p>\n\n\n\n<p>Capriche na fantasia e venha viver o melhor do samba e do Carnaval no mar. O Aquarela do Samba espera por voc\u00ea.<\/p>\n\n\n\n<p>Assessoria de Imprensa &#8211; Doris Pinheiro &#8211; 71 98896-5016<\/p>\n","protected":false},"excerpt":{"rendered":"<p>O Carnaval sobre as \u00e1guas da Ba\u00eda de Todos-os-Santos come\u00e7a em grande estilo. No s\u00e1bado, 07 de fevereiro de 2026,<\/p>\n","protected":false},"author":1,"featured_media":966,"comment_status":"open","ping_status":"open","sticky":false,"template":"","format":"standard","meta":{"colormag_page_container_layout":"default_layout","colormag_page_sidebar_layout":"default_layout","footnotes":""},"categories":[83,8],"tags":[],"class_list":["post-965","post","type-post","status-publish","format-standard","has-post-thumbnail","hentry","category-carnaval-2","category-noticias"],"rttpg_featured_image_url":{"full":["https:\/\/boracultura.com.br\/wp-content\/uploads\/2026\/01\/Aquarela-01.jpeg",270,180,false],"landscape":["https:\/\/boracultura.com.br\/wp-content\/uploads\/2026\/01\/Aquarela-01.jpeg",270,180,false],"portraits":["https:\/\/boracultura.com.br\/wp-content\/uploads\/2026\/01\/Aquarela-01.jpeg",270,180,false],"thumbnail":["https:\/\/boracultura.com.br\/wp-content\/uploads\/2026\/01\/Aquarela-01-150x150.jpeg",150,150,true],"medium":["https:\/\/boracultura.com.br\/wp-content\/uploads\/2026\/01\/Aquarela-01.jpeg",270,180,false],"large":["https:\/\/boracultura.com.br\/wp-content\/uploads\/2026\/01\/Aquarela-01.jpeg",270,180,false],"1536x1536":["https:\/\/boracultura.com.br\/wp-content\/uploads\/2026\/01\/Aquarela-01.jpeg",270,180,false],"2048x2048":["https:\/\/boracultura.com.br\/wp-content\/uploads\/2026\/01\/Aquarela-01.jpeg",270,180,false],"colormag-highlighted-post":["https:\/\/boracultura.com.br\/wp-content\/uploads\/2026\/01\/Aquarela-01.jpeg",270,180,false],"colormag-featured-post-medium":["https:\/\/boracultura.com.br\/wp-content\/uploads\/2026\/01\/Aquarela-01.jpeg",270,180,false],"colormag-featured-post-small":["https:\/\/boracultura.com.br\/wp-content\/uploads\/2026\/01\/Aquarela-01-130x90.jpeg",130,90,true],"colormag-featured-image":["https:\/\/boracultura.com.br\/wp-content\/uploads\/2026\/01\/Aquarela-01.jpeg",270,180,false],"colormag-default-news":["https:\/\/boracultura.com.br\/wp-content\/uploads\/2026\/01\/Aquarela-01-150x150.jpeg",150,150,true],"colormag-featured-image-large":["https:\/\/boracultura.com.br\/wp-content\/uploads\/2026\/01\/Aquarela-01.jpeg",270,180,false],"colormag-elementor-block-extra-large-thumbnail":["https:\/\/boracultura.com.br\/wp-content\/uploads\/2026\/01\/Aquarela-01.jpeg",270,180,false],"colormag-elementor-grid-large-thumbnail":["https:\/\/boracultura.com.br\/wp-content\/uploads\/2026\/01\/Aquarela-01.jpeg",270,180,false],"colormag-elementor-grid-small-thumbnail":["https:\/\/boracultura.com.br\/wp-content\/uploads\/2026\/01\/Aquarela-01.jpeg",270,180,false],"colormag-elementor-grid-medium-large-thumbnail":["https:\/\/boracultura.com.br\/wp-content\/uploads\/2026\/01\/Aquarela-01.jpeg",270,180,false],"psacp-medium":["https:\/\/boracultura.com.br\/wp-content\/uploads\/2026\/01\/Aquarela-01.jpeg",270,180,false]},"rttpg_author":{"display_name":"boracultura@gmail.com","author_link":"https:\/\/boracultura.com.br\/index.php\/author\/boraculturagmail-com\/"},"rttpg_comment":0,"rttpg_category":"<a href=\"https:\/\/boracultura.com.br\/index.php\/category\/carnaval-2\/\" rel=\"category tag\">Carnaval<\/a> <a href=\"https:\/\/boracultura.com.br\/index.php\/category\/noticias\/\" rel=\"category tag\">Not\u00edcias<\/a>","rttpg_excerpt":"O Carnaval sobre as \u00e1guas da Ba\u00eda de Todos-os-Santos come\u00e7a em grande estilo. No s\u00e1bado, 07 de fevereiro de 2026,","_links":{"self":[{"href":"https:\/\/boracultura.com.br\/index.php\/wp-json\/wp\/v2\/posts\/965","targetHints":{"allow":["GET"]}}],"collection":[{"href":"https:\/\/boracultura.com.br\/index.php\/wp-json\/wp\/v2\/posts"}],"about":[{"href":"https:\/\/boracultura.com.br\/index.php\/wp-json\/wp\/v2\/types\/post"}],"author":[{"embeddable":true,"href":"https:\/\/boracultura.com.br\/index.php\/wp-json\/wp\/v2\/users\/1"}],"replies":[{"embeddable":true,"href":"https:\/\/boracultura.com.br\/index.php\/wp-json\/wp\/v2\/comments?post=965"}],"version-history":[{"count":1,"href":"https:\/\/boracultura.com.br\/index.php\/wp-json\/wp\/v2\/posts\/965\/revisions"}],"predecessor-version":[{"id":967,"href":"https:\/\/boracultura.com.br\/index.php\/wp-json\/wp\/v2\/posts\/965\/revisions\/967"}],"wp:featuredmedia":[{"embeddable":true,"href":"https:\/\/boracultura.com.br\/index.php\/wp-json\/wp\/v2\/media\/966"}],"wp:attachment":[{"href":"https:\/\/boracultura.com.br\/index.php\/wp-json\/wp\/v2\/media?parent=965"}],"wp:term":[{"taxonomy":"category","embeddable":true,"href":"https:\/\/boracultura.com.br\/index.php\/wp-json\/wp\/v2\/categories?post=965"},{"taxonomy":"post_tag","embeddable":true,"href":"https:\/\/boracultura.com.br\/index.php\/wp-json\/wp\/v2\/tags?post=965"}],"curies":[{"name":"wp","href":"https:\/\/api.w.org\/{rel}","templated":true}]}}