{"id":970,"date":"2026-01-26T13:17:27","date_gmt":"2026-01-26T16:17:27","guid":{"rendered":"https:\/\/boracultura.com.br\/?p=970"},"modified":"2026-01-26T13:17:31","modified_gmt":"2026-01-26T16:17:31","slug":"cena-teatral-baiana-ocupa-o-verao-com-a-campanha-o-teatro-vai-invadir-sua-praia","status":"publish","type":"post","link":"https:\/\/boracultura.com.br\/index.php\/2026\/01\/26\/cena-teatral-baiana-ocupa-o-verao-com-a-campanha-o-teatro-vai-invadir-sua-praia\/","title":{"rendered":"Cena teatral baiana ocupa o ver\u00e3o com a campanha O Teatro Vai Invadir Sua Praia"},"content":{"rendered":"\n<p>O ver\u00e3o baiano ganhou um refor\u00e7o de peso na programa\u00e7\u00e3o cultural com a campanha &#8220;O Teatro Vai Invadir Sua Praia&#8221;, uma iniciativa coletiva que re\u00fane&nbsp; espet\u00e1culos em 4 teatros, mobilizando 39 atores e atrizes, al\u00e9m das equipes art\u00edsticas e t\u00e9cnicas das montagens, para apresentar ao p\u00fablico a pot\u00eancia, a diversidade e a vitalidade do teatro feito na Bahia.<\/p>\n\n\n\n<p>Idealizada pelo ator Marcelo Praddo e abra\u00e7ada por importantes nomes da cena local, a campanha nasce como um gesto de uni\u00e3o e resist\u00eancia criativa, com o objetivo de ampliar a visibilidade dos espet\u00e1culos em cartaz durante a esta\u00e7\u00e3o mais vibrante do ano. A proposta \u00e9 simples e potente: convidar turistas e soteropolitanos de todas as idades a inclu\u00edrem o teatro na agenda do ver\u00e3o, ao lado da praia, do sol e da m\u00fasica.<\/p>\n\n\n\n<p>A programa\u00e7\u00e3o \u00e9 diversa e democr\u00e1tica: tem com\u00e9dia, tem drama, tem cordel, tem espet\u00e1culo infantil, tem teatro contempor\u00e2neo \u2014 teatro para todos os gostos. Um verdadeiro retrato da pluralidade est\u00e9tica e tem\u00e1tica que marca a cena teatral baiana hoje, ocupando diferentes salas da cidade e dialogando com p\u00fablicos variados.<\/p>\n\n\n\n<p>Al\u00e9m de divulgar, a campanha cria um circuito de incentivo ao p\u00fablico: quem assiste a um dos espet\u00e1culos participantes pode apresentar o ingresso \u2014 f\u00edsico ou digital \u2014 e garantir 40% de desconto na compra da inteira de outro espet\u00e1culo da a\u00e7\u00e3o. Uma forma concreta de estimular a circula\u00e7\u00e3o entre as produ\u00e7\u00f5es e fortalecer o h\u00e1bito de ir ao teatro.<\/p>\n\n\n\n<p>Com ingressos \u00e0 venda pela plataforma Sympla, &#8220;O Teatro Vai Invadir Sua Praia&#8221; reafirma o teatro como experi\u00eancia viva, acess\u00edvel e essencial. Neste ver\u00e3o, entre um mergulho e outro, o convite est\u00e1 lan\u00e7ado: o teatro tamb\u00e9m quer fazer parte da sua praia.<\/p>\n\n\n\n<p>Os espet\u00e1culos em cartaz:<\/p>\n\n\n\n<p><strong>Vou te Contar<\/strong><\/p>\n\n\n\n<p>Quando: at\u00e9 06 de fevereiro (sextas-feiras), \u00e0s 20h<\/p>\n\n\n\n<p>Onde: Teatro Moli\u00e8re &#8211; Barra<\/p>\n\n\n\n<p>Ingressos: R$ 60,00 (inteira) | R$ 30,00 (meia)<\/p>\n\n\n\n<p>Vendas: plataforma Sympla<\/p>\n\n\n\n<p>Em &#8220;Vou Te Contar!&#8221;, Marcelo Praddo leva ao palco hist\u00f3rias reais do cotidiano brasileiro, extra\u00eddas da coluna Trombadas, de Christian Carvalho Cruz. Em uma encena\u00e7\u00e3o minimalista, o espet\u00e1culo transforma personagens an\u00f4nimos em relatos sens\u00edveis, bem-humorados e profundos, criando uma experi\u00eancia \u00edntima e emocionante que reafirma a for\u00e7a das hist\u00f3rias reais como verdadeiros &#8220;influencers da alma&#8221;.<\/p>\n\n\n\n<p><strong>Fechadas para Balan\u00e7o<\/strong><\/p>\n\n\n\n<p>O qu\u00ea: Montagem da turma de formandos do curso de teatro da AWORAN, com dire\u00e7\u00e3o de Marcelo Santts<\/p>\n\n\n\n<p>Quando: Sextas, s\u00e1bados e domingos, at\u00e9 18 de janeiro, \u00e0s 19h<\/p>\n\n\n\n<p>Onde: Teatro SESI Rio Vermelho \u2013 Salvador<\/p>\n\n\n\n<p>Ingressos: R$ 50,00 (inteira) | R$ 25,00 (meia)<\/p>\n\n\n\n<p>Em Fechadas Pra Balan\u00e7o, mulheres de uma comunidade marcada por conflitos decidem interromper a vida \u00edntima como estrat\u00e9gia para p\u00f4r fim a uma guerra movida por intoler\u00e2ncia e fanatismo. Inspirado livremente na com\u00e9dia grega Greve dos Sexos, de Arist\u00f3fanes, o espet\u00e1culo transforma humor e cr\u00edtica social em um potente manifesto sobre uni\u00e3o feminina, diversidade e poder coletivo em tempos de tens\u00e3o social e religiosa.<\/p>\n\n\n\n<p><strong>Fanta e Pandora, Uma Folia na Cidade Baixa<\/strong><\/p>\n\n\n\n<p>Grupo: Cia Baiana de Patifaria<\/p>\n\n\n\n<p>Quando: Sextas, s\u00e1bados e domingos,&nbsp; \u00e0s 19h<\/p>\n\n\n\n<p>Onde: Centro Cultural SESI Casa Branca \u2013 Caminho de Areia, Salvador<\/p>\n\n\n\n<p>Informa\u00e7\u00f5es: Espet\u00e1culo re\u00fane personagens consagrados do cl\u00e1ssico A Bofetada<\/p>\n\n\n\n<p>Ingressos: R$ 60,00 (inteira) | R$ 30,00 (meia)<\/p>\n\n\n\n<p><\/p>\n\n\n\n<p><strong>Aleluia<\/strong><\/p>\n\n\n\n<p>Quando: S\u00e1bados, at\u00e9 07 de fevereiro, \u00e0s 20h<\/p>\n\n\n\n<p>Onde: Teatro Moli\u00e8re \u2013 Alian\u00e7a Francesa, Salvador<\/p>\n\n\n\n<p>Ingressos: R$ 60,00 (inteira) | R$ 30,00 (meia)<\/p>\n\n\n\n<p>Vendas: Plataforma Sympla<\/p>\n\n\n\n<p>Depois de tr\u00eas temporadas de sucesso, Frank Menezes retorna ao Teatro Moli\u00e8re da Alian\u00e7a Francesa com o solo Aleluia. Na com\u00e9dia dirigida por Marcelo Praddo, o ator interpreta uma dona de casa politicamente incorreta que, invisibilizada pela fam\u00edlia e sufocada pela rotina dom\u00e9stica, decide contar sua pr\u00f3pria hist\u00f3ria. Com humor escrachado e cr\u00edtica afiada, o espet\u00e1culo transforma o riso em reflex\u00e3o sobre o lugar social das mulheres que vivem para cuidar dos outros.<\/p>\n\n\n\n<p><strong>A Revolta dos Pinguins<\/strong><\/p>\n\n\n\n<p>Quando: Domingos, at\u00e9 a 08 de fevereiro, sempre \u00e0s 18h<\/p>\n\n\n\n<p>Onde: Teatro Moli\u00e8re \u2013 Alian\u00e7a Francesa<\/p>\n\n\n\n<p>Av. Sete de Setembro, 401 \u2013 Barra, Salvador \u2013 BA | CEP 40130-000<\/p>\n\n\n\n<p>Ingressos: R$ 50,00 (inteira) e R$ 25,00 (meia), \u00e0 venda pela plataforma Sympla<\/p>\n\n\n\n<p>Informa\u00e7\u00f5es adicionais: Professores pagam meia-entrada mediante comprova\u00e7\u00e3o na bilheteria.<\/p>\n\n\n\n<p>Em cartaz no Teatro Moli\u00e8re neste ver\u00e3o, A Revolta dos Pinguins \u2013 Uma Com\u00e9dia Mal-Educada usa o humor para abordar as tens\u00f5es do sistema educacional contempor\u00e2neo. Inspirada nas ocupa\u00e7\u00f5es estudantis do Chile e do Brasil, a pe\u00e7a acompanha um grupo de professores diante de conflitos \u00e9ticos e institucionais que colocam em xeque o papel da escola e do educador. Com\u00e9dia cr\u00edtica e atual, o espet\u00e1culo provoca riso e reflex\u00e3o sobre as contradi\u00e7\u00f5es da educa\u00e7\u00e3o e da sociedade.<\/p>\n\n\n\n<p><strong>Los Catedr\u00e1sticos<\/strong><\/p>\n\n\n\n<p>Quando: Sextas e s\u00e1bados, at\u00e9 28 de fevereiro<\/p>\n\n\n\n<p>Hor\u00e1rios: Sextas, \u00e0s 20h | S\u00e1bados, \u00e0s 19h<\/p>\n\n\n\n<p>Onde: Teatro M\u00f3dulo \u2013 Pituba, Salvador<\/p>\n\n\n\n<p>Ingressos: R$ 100,00 (inteira) | R$ 50,00 (meia)<\/p>\n\n\n\n<p>Vendas: Sympla e bilheteria do teatro<\/p>\n\n\n\n<p>Classifica\u00e7\u00e3o indicativa: 14 anos<\/p>\n\n\n\n<p>Los Catedr\u00e1sticos retornam aos palcos neste ver\u00e3o com a nova temporada de &#8220;Macetando o Apocalipse&#8221;, espet\u00e1culo que celebra um ano de sucesso ap\u00f3s sess\u00f5es lotadas em Salvador e circula\u00e7\u00e3o pelo interior da Bahia. Unindo humor irreverente, cr\u00edtica social e muita m\u00fasica, a montagem reafirma a for\u00e7a do grupo \u2014 criado em 1989 \u2014 no teatro brasileiro. Em cartaz no Teatro M\u00f3dulo, o espet\u00e1culo re\u00fane parte do elenco original e ganha novos int\u00e9rpretes, sob dire\u00e7\u00e3o de Paulo Dourado, com uma playlist ampliada que vai do ax\u00e9 ao funk, mantendo o tom provocativo e divertido que conquistou p\u00fablico e cr\u00edtica.<\/p>\n\n\n\n<p><strong>&#8220;Cordel de Maria CinDRAGrela&#8221;<\/strong><\/p>\n\n\n\n<p>Quando: at\u00e9&nbsp; 08 de fevereiro, aos domingos, \u00e0s 11h<\/p>\n\n\n\n<p>Onde: Teatro Moli\u00e8re \u2013 Alian\u00e7a Francesa<\/p>\n\n\n\n<p>Av. Sete de Setembro, 401, Barra \u2013 Salvador (CEP 40130-000)<\/p>\n\n\n\n<p>Ingressos: R$ 50,00 (inteira) | R$ 25,00 (meia)<\/p>\n\n\n\n<p>Vendas: Plataforma Sympla<\/p>\n\n\n\n<p>Ap\u00f3s circular por seis cidades da Bahia, Cordel de Maria CinDRAGrela chega a Salvador para a temporada de ver\u00e3o com uma releitura divertida e inclusiva do cl\u00e1ssico Cinderela. Unindo o Teatro de Cordel \u00e0 est\u00e9tica Drag Queen, o espet\u00e1culo transforma o conto em uma narrativa contempor\u00e2nea que celebra a diversidade, a liberdade de ser e o encantamento para todas as idades.<\/p>\n\n\n\n<p>Assessoria de imprensa &#8211; Doris Pinheiro &#8211; 71 98896-5016<\/p>\n","protected":false},"excerpt":{"rendered":"<p>O ver\u00e3o baiano ganhou um refor\u00e7o de peso na programa\u00e7\u00e3o cultural com a campanha &#8220;O Teatro Vai Invadir Sua Praia&#8221;,<\/p>\n","protected":false},"author":1,"featured_media":971,"comment_status":"open","ping_status":"open","sticky":false,"template":"","format":"standard","meta":{"colormag_page_container_layout":"default_layout","colormag_page_sidebar_layout":"default_layout","footnotes":""},"categories":[8,46],"tags":[],"class_list":["post-970","post","type-post","status-publish","format-standard","has-post-thumbnail","hentry","category-noticias","category-teatro"],"rttpg_featured_image_url":{"full":["https:\/\/boracultura.com.br\/wp-content\/uploads\/2026\/01\/FOTO-2-GRUPO_O-TEATRO-VAI-INVADIR-SUA-PRAIA_CREDITO_PAULO-TELLES.jpg",2052,1154,false],"landscape":["https:\/\/boracultura.com.br\/wp-content\/uploads\/2026\/01\/FOTO-2-GRUPO_O-TEATRO-VAI-INVADIR-SUA-PRAIA_CREDITO_PAULO-TELLES.jpg",2052,1154,false],"portraits":["https:\/\/boracultura.com.br\/wp-content\/uploads\/2026\/01\/FOTO-2-GRUPO_O-TEATRO-VAI-INVADIR-SUA-PRAIA_CREDITO_PAULO-TELLES.jpg",2052,1154,false],"thumbnail":["https:\/\/boracultura.com.br\/wp-content\/uploads\/2026\/01\/FOTO-2-GRUPO_O-TEATRO-VAI-INVADIR-SUA-PRAIA_CREDITO_PAULO-TELLES-150x150.jpg",150,150,true],"medium":["https:\/\/boracultura.com.br\/wp-content\/uploads\/2026\/01\/FOTO-2-GRUPO_O-TEATRO-VAI-INVADIR-SUA-PRAIA_CREDITO_PAULO-TELLES-300x169.jpg",300,169,true],"large":["https:\/\/boracultura.com.br\/wp-content\/uploads\/2026\/01\/FOTO-2-GRUPO_O-TEATRO-VAI-INVADIR-SUA-PRAIA_CREDITO_PAULO-TELLES-1024x576.jpg",800,450,true],"1536x1536":["https:\/\/boracultura.com.br\/wp-content\/uploads\/2026\/01\/FOTO-2-GRUPO_O-TEATRO-VAI-INVADIR-SUA-PRAIA_CREDITO_PAULO-TELLES-1536x864.jpg",1536,864,true],"2048x2048":["https:\/\/boracultura.com.br\/wp-content\/uploads\/2026\/01\/FOTO-2-GRUPO_O-TEATRO-VAI-INVADIR-SUA-PRAIA_CREDITO_PAULO-TELLES-2048x1152.jpg",2048,1152,true],"colormag-highlighted-post":["https:\/\/boracultura.com.br\/wp-content\/uploads\/2026\/01\/FOTO-2-GRUPO_O-TEATRO-VAI-INVADIR-SUA-PRAIA_CREDITO_PAULO-TELLES-392x272.jpg",392,272,true],"colormag-featured-post-medium":["https:\/\/boracultura.com.br\/wp-content\/uploads\/2026\/01\/FOTO-2-GRUPO_O-TEATRO-VAI-INVADIR-SUA-PRAIA_CREDITO_PAULO-TELLES-390x205.jpg",390,205,true],"colormag-featured-post-small":["https:\/\/boracultura.com.br\/wp-content\/uploads\/2026\/01\/FOTO-2-GRUPO_O-TEATRO-VAI-INVADIR-SUA-PRAIA_CREDITO_PAULO-TELLES-130x90.jpg",130,90,true],"colormag-featured-image":["https:\/\/boracultura.com.br\/wp-content\/uploads\/2026\/01\/FOTO-2-GRUPO_O-TEATRO-VAI-INVADIR-SUA-PRAIA_CREDITO_PAULO-TELLES-800x445.jpg",800,445,true],"colormag-default-news":["https:\/\/boracultura.com.br\/wp-content\/uploads\/2026\/01\/FOTO-2-GRUPO_O-TEATRO-VAI-INVADIR-SUA-PRAIA_CREDITO_PAULO-TELLES-150x150.jpg",150,150,true],"colormag-featured-image-large":["https:\/\/boracultura.com.br\/wp-content\/uploads\/2026\/01\/FOTO-2-GRUPO_O-TEATRO-VAI-INVADIR-SUA-PRAIA_CREDITO_PAULO-TELLES-1400x600.jpg",1400,600,true],"colormag-elementor-block-extra-large-thumbnail":["https:\/\/boracultura.com.br\/wp-content\/uploads\/2026\/01\/FOTO-2-GRUPO_O-TEATRO-VAI-INVADIR-SUA-PRAIA_CREDITO_PAULO-TELLES-1155x480.jpg",1155,480,true],"colormag-elementor-grid-large-thumbnail":["https:\/\/boracultura.com.br\/wp-content\/uploads\/2026\/01\/FOTO-2-GRUPO_O-TEATRO-VAI-INVADIR-SUA-PRAIA_CREDITO_PAULO-TELLES-600x417.jpg",600,417,true],"colormag-elementor-grid-small-thumbnail":["https:\/\/boracultura.com.br\/wp-content\/uploads\/2026\/01\/FOTO-2-GRUPO_O-TEATRO-VAI-INVADIR-SUA-PRAIA_CREDITO_PAULO-TELLES-285x450.jpg",285,450,true],"colormag-elementor-grid-medium-large-thumbnail":["https:\/\/boracultura.com.br\/wp-content\/uploads\/2026\/01\/FOTO-2-GRUPO_O-TEATRO-VAI-INVADIR-SUA-PRAIA_CREDITO_PAULO-TELLES-575x198.jpg",575,198,true],"psacp-medium":["https:\/\/boracultura.com.br\/wp-content\/uploads\/2026\/01\/FOTO-2-GRUPO_O-TEATRO-VAI-INVADIR-SUA-PRAIA_CREDITO_PAULO-TELLES.jpg",500,281,false]},"rttpg_author":{"display_name":"boracultura@gmail.com","author_link":"https:\/\/boracultura.com.br\/index.php\/author\/boraculturagmail-com\/"},"rttpg_comment":0,"rttpg_category":"<a href=\"https:\/\/boracultura.com.br\/index.php\/category\/noticias\/\" rel=\"category tag\">Not\u00edcias<\/a> <a href=\"https:\/\/boracultura.com.br\/index.php\/category\/noticias\/teatro\/\" rel=\"category tag\">Teatro<\/a>","rttpg_excerpt":"O ver\u00e3o baiano ganhou um refor\u00e7o de peso na programa\u00e7\u00e3o cultural com a campanha &#8220;O Teatro Vai Invadir Sua Praia&#8221;,","_links":{"self":[{"href":"https:\/\/boracultura.com.br\/index.php\/wp-json\/wp\/v2\/posts\/970","targetHints":{"allow":["GET"]}}],"collection":[{"href":"https:\/\/boracultura.com.br\/index.php\/wp-json\/wp\/v2\/posts"}],"about":[{"href":"https:\/\/boracultura.com.br\/index.php\/wp-json\/wp\/v2\/types\/post"}],"author":[{"embeddable":true,"href":"https:\/\/boracultura.com.br\/index.php\/wp-json\/wp\/v2\/users\/1"}],"replies":[{"embeddable":true,"href":"https:\/\/boracultura.com.br\/index.php\/wp-json\/wp\/v2\/comments?post=970"}],"version-history":[{"count":1,"href":"https:\/\/boracultura.com.br\/index.php\/wp-json\/wp\/v2\/posts\/970\/revisions"}],"predecessor-version":[{"id":972,"href":"https:\/\/boracultura.com.br\/index.php\/wp-json\/wp\/v2\/posts\/970\/revisions\/972"}],"wp:featuredmedia":[{"embeddable":true,"href":"https:\/\/boracultura.com.br\/index.php\/wp-json\/wp\/v2\/media\/971"}],"wp:attachment":[{"href":"https:\/\/boracultura.com.br\/index.php\/wp-json\/wp\/v2\/media?parent=970"}],"wp:term":[{"taxonomy":"category","embeddable":true,"href":"https:\/\/boracultura.com.br\/index.php\/wp-json\/wp\/v2\/categories?post=970"},{"taxonomy":"post_tag","embeddable":true,"href":"https:\/\/boracultura.com.br\/index.php\/wp-json\/wp\/v2\/tags?post=970"}],"curies":[{"name":"wp","href":"https:\/\/api.w.org\/{rel}","templated":true}]}}