{"id":986,"date":"2026-01-28T20:02:52","date_gmt":"2026-01-28T23:02:52","guid":{"rendered":"https:\/\/boracultura.com.br\/?p=986"},"modified":"2026-02-09T01:56:05","modified_gmt":"2026-02-09T04:56:05","slug":"nova-deusa-do-ebano-do-ile-aiye-faz-primeira-aparicao-no-ensaio-geral-proximo-sabado-31","status":"publish","type":"post","link":"https:\/\/boracultura.com.br\/index.php\/2026\/01\/28\/nova-deusa-do-ebano-do-ile-aiye-faz-primeira-aparicao-no-ensaio-geral-proximo-sabado-31\/","title":{"rendered":"Nova Deusa do \u00c9bano do Il\u00ea Aiy\u00ea faz primeira apari\u00e7\u00e3o no Ensaio Geral pr\u00f3ximo s\u00e1bado (31)"},"content":{"rendered":"\n<p><em>A Rainha Carol Xavier se apresenta com figurino feito com o tecido que vai vestir os associados do bloco durante o Carnaval<\/em><\/p>\n\n\n\n<p>Em clima de aquecimento para o Carnaval, o Il\u00ea Aiy\u00ea realiza seu \u00faltimo Ensaio Geral neste s\u00e1bado (31), na Pra\u00e7a das Artes Mestre Neguinho do Samba, no Pelourinho, em Salvador. A partir das 20h, a anfitri\u00e3 Band&#8217;Aiy\u00ea e convidados sobem ao palco para apresentar ao p\u00fablico uma pr\u00e9via da energia que o bloco afro leva do Curuzu at\u00e9 a avenida, acompanhado da sua percuss\u00e3o e do gingado da rec\u00e9m-eleita Deusa do \u00c9bano 2026, Carol Xavier.&nbsp;<\/p>\n\n\n\n<p>A noite marca a primeira apresenta\u00e7\u00e3o de Carol Xavier, moradora de Sussuarana, no posto de Rainha, em forma de prepara\u00e7\u00e3o para puxar o bloco afro mais antigo do Brasil durante o Carnaval. O figurino da sua apresenta\u00e7\u00e3o ser\u00e1 confeccionado com o mesmo tecido que vai vestir os associados do Il\u00ea Aiy\u00ea durante a folia, antecipando a identidade visual do bloco em 2026.<\/p>\n\n\n\n<p>Inspirado pelo tema do Carnaval deste ano, &#8220;Turbantes e Cocares: a hist\u00f3ria de resist\u00eancia do povo afro e ind\u00edgena de Maric\u00e1&#8221;, o ensaio j\u00e1 antecipa a narrativa que o Il\u00ea Aiy\u00ea vai trazer para as ruas sobre a valoriza\u00e7\u00e3o da ancestralidade, da mem\u00f3ria e da conex\u00e3o entre Bahia e Rio de Janeiro. Ao celebrar a heran\u00e7a afro-ind\u00edgena de Maric\u00e1, o bloco reafirma o Carnaval como espa\u00e7o de educa\u00e7\u00e3o, resist\u00eancia e afirma\u00e7\u00e3o identit\u00e1ria, onde m\u00fasica, est\u00e9tica e territ\u00f3rio se entrela\u00e7am como linguagem pol\u00edtica e cultural.<\/p>\n\n\n\n<p>O Ensaio Geral do Il\u00ea Aiy\u00ea 2026 \u00e9 uma realiza\u00e7\u00e3o da Associa\u00e7\u00e3o Cultural Bloco Carnavalesco Il\u00ea Aiy\u00ea e do Governo Federal, com produ\u00e7\u00e3o da Caderno 2 Produ\u00e7\u00f5es e da Central Black Entretenimento. O evento conta com patroc\u00ednio do Grupo Belov, mantenedor do Plano Anual do Il\u00ea Aiy\u00ea, atrav\u00e9s da Lei Federal de Incentivo \u00e0 Cultura \u2013 Lei Rouanet, apoio da ITS Brasil, do Instituto do Patrim\u00f4nio Art\u00edstico e Cultural da Bahia (IPAC) e do Governo do Estado da Bahia atrav\u00e9s da Secretaria de Cultura (Secult\/BA).<\/p>\n\n\n\n<p><strong>SERVI\u00c7O<\/strong><\/p>\n\n\n\n<p><strong>ENSAIO GERAL DO IL\u00ca AIY\u00ca 2026<\/strong><\/p>\n\n\n\n<p><strong>Data:&nbsp;<\/strong>31 de janeiro (s\u00e1bado)<\/p>\n\n\n\n<p><strong>Hor\u00e1rio:<\/strong>&nbsp;20h \u00e0s 00h &#8211; Abertura dos port\u00f5es \u00e0s 19h30<\/p>\n\n\n\n<p><strong>Local:&nbsp;<\/strong>Pra\u00e7a das Artes Mestre Neguinho do Samba &#8211; Pelourinho, Salvador<\/p>\n\n\n\n<p><strong>Ingressos:<\/strong>&nbsp;R$120,00 (inteira) \/ R$ 60,00 (meia) &#8211; 1\u00ba Lote<\/p>\n\n\n\n<p><strong>Vendas:&nbsp;<\/strong>Site MeuBilhete ou sede do Il\u00ea Aiy\u00ea<\/p>\n\n\n\n<p><strong>Link:&nbsp;<\/strong><a href=\"https:\/\/beta.meubilhete.com.br\/ensaio-geral-do-ile-aiye-2026\" target=\"_blank\" rel=\"noreferrer noopener\">https:\/\/beta.meubilhete.com.br\/ensaio-geral-do-ile-aiye-2026<\/a>&nbsp;<\/p>\n\n\n\n<p><strong>Mais informa\u00e7\u00f5es:<\/strong>&nbsp;Instagram &#8211; @blocoileaiye&nbsp;<\/p>\n","protected":false},"excerpt":{"rendered":"<p>A Rainha Carol Xavier se apresenta com figurino feito com o tecido que vai vestir os associados do bloco durante<\/p>\n","protected":false},"author":1,"featured_media":987,"comment_status":"open","ping_status":"open","sticky":false,"template":"","format":"standard","meta":{"colormag_page_container_layout":"default_layout","colormag_page_sidebar_layout":"default_layout","footnotes":""},"categories":[83,45],"tags":[],"class_list":["post-986","post","type-post","status-publish","format-standard","has-post-thumbnail","hentry","category-carnaval-2","category-musica"],"rttpg_featured_image_url":{"full":["https:\/\/boracultura.com.br\/wp-content\/uploads\/2026\/01\/Carol-Xavier-Foto-Mirte-Freitas-scaled.jpg",2560,1706,false],"landscape":["https:\/\/boracultura.com.br\/wp-content\/uploads\/2026\/01\/Carol-Xavier-Foto-Mirte-Freitas-scaled.jpg",2560,1706,false],"portraits":["https:\/\/boracultura.com.br\/wp-content\/uploads\/2026\/01\/Carol-Xavier-Foto-Mirte-Freitas-scaled.jpg",2560,1706,false],"thumbnail":["https:\/\/boracultura.com.br\/wp-content\/uploads\/2026\/01\/Carol-Xavier-Foto-Mirte-Freitas-150x150.jpg",150,150,true],"medium":["https:\/\/boracultura.com.br\/wp-content\/uploads\/2026\/01\/Carol-Xavier-Foto-Mirte-Freitas-300x200.jpg",300,200,true],"large":["https:\/\/boracultura.com.br\/wp-content\/uploads\/2026\/01\/Carol-Xavier-Foto-Mirte-Freitas-1024x683.jpg",800,534,true],"1536x1536":["https:\/\/boracultura.com.br\/wp-content\/uploads\/2026\/01\/Carol-Xavier-Foto-Mirte-Freitas-1536x1024.jpg",1536,1024,true],"2048x2048":["https:\/\/boracultura.com.br\/wp-content\/uploads\/2026\/01\/Carol-Xavier-Foto-Mirte-Freitas-2048x1365.jpg",2048,1365,true],"colormag-highlighted-post":["https:\/\/boracultura.com.br\/wp-content\/uploads\/2026\/01\/Carol-Xavier-Foto-Mirte-Freitas-392x272.jpg",392,272,true],"colormag-featured-post-medium":["https:\/\/boracultura.com.br\/wp-content\/uploads\/2026\/01\/Carol-Xavier-Foto-Mirte-Freitas-390x205.jpg",390,205,true],"colormag-featured-post-small":["https:\/\/boracultura.com.br\/wp-content\/uploads\/2026\/01\/Carol-Xavier-Foto-Mirte-Freitas-130x90.jpg",130,90,true],"colormag-featured-image":["https:\/\/boracultura.com.br\/wp-content\/uploads\/2026\/01\/Carol-Xavier-Foto-Mirte-Freitas-800x445.jpg",800,445,true],"colormag-default-news":["https:\/\/boracultura.com.br\/wp-content\/uploads\/2026\/01\/Carol-Xavier-Foto-Mirte-Freitas-150x150.jpg",150,150,true],"colormag-featured-image-large":["https:\/\/boracultura.com.br\/wp-content\/uploads\/2026\/01\/Carol-Xavier-Foto-Mirte-Freitas-1400x600.jpg",1400,600,true],"colormag-elementor-block-extra-large-thumbnail":["https:\/\/boracultura.com.br\/wp-content\/uploads\/2026\/01\/Carol-Xavier-Foto-Mirte-Freitas-1155x480.jpg",1155,480,true],"colormag-elementor-grid-large-thumbnail":["https:\/\/boracultura.com.br\/wp-content\/uploads\/2026\/01\/Carol-Xavier-Foto-Mirte-Freitas-600x417.jpg",600,417,true],"colormag-elementor-grid-small-thumbnail":["https:\/\/boracultura.com.br\/wp-content\/uploads\/2026\/01\/Carol-Xavier-Foto-Mirte-Freitas-285x450.jpg",285,450,true],"colormag-elementor-grid-medium-large-thumbnail":["https:\/\/boracultura.com.br\/wp-content\/uploads\/2026\/01\/Carol-Xavier-Foto-Mirte-Freitas-575x198.jpg",575,198,true],"psacp-medium":["https:\/\/boracultura.com.br\/wp-content\/uploads\/2026\/01\/Carol-Xavier-Foto-Mirte-Freitas-scaled.jpg",500,333,false]},"rttpg_author":{"display_name":"boracultura@gmail.com","author_link":"https:\/\/boracultura.com.br\/index.php\/author\/boraculturagmail-com\/"},"rttpg_comment":0,"rttpg_category":"<a href=\"https:\/\/boracultura.com.br\/index.php\/category\/carnaval-2\/\" rel=\"category tag\">Carnaval<\/a> <a href=\"https:\/\/boracultura.com.br\/index.php\/category\/noticias\/musica\/\" rel=\"category tag\">M\u00fasica<\/a>","rttpg_excerpt":"A Rainha Carol Xavier se apresenta com figurino feito com o tecido que vai vestir os associados do bloco durante","_links":{"self":[{"href":"https:\/\/boracultura.com.br\/index.php\/wp-json\/wp\/v2\/posts\/986","targetHints":{"allow":["GET"]}}],"collection":[{"href":"https:\/\/boracultura.com.br\/index.php\/wp-json\/wp\/v2\/posts"}],"about":[{"href":"https:\/\/boracultura.com.br\/index.php\/wp-json\/wp\/v2\/types\/post"}],"author":[{"embeddable":true,"href":"https:\/\/boracultura.com.br\/index.php\/wp-json\/wp\/v2\/users\/1"}],"replies":[{"embeddable":true,"href":"https:\/\/boracultura.com.br\/index.php\/wp-json\/wp\/v2\/comments?post=986"}],"version-history":[{"count":1,"href":"https:\/\/boracultura.com.br\/index.php\/wp-json\/wp\/v2\/posts\/986\/revisions"}],"predecessor-version":[{"id":988,"href":"https:\/\/boracultura.com.br\/index.php\/wp-json\/wp\/v2\/posts\/986\/revisions\/988"}],"wp:featuredmedia":[{"embeddable":true,"href":"https:\/\/boracultura.com.br\/index.php\/wp-json\/wp\/v2\/media\/987"}],"wp:attachment":[{"href":"https:\/\/boracultura.com.br\/index.php\/wp-json\/wp\/v2\/media?parent=986"}],"wp:term":[{"taxonomy":"category","embeddable":true,"href":"https:\/\/boracultura.com.br\/index.php\/wp-json\/wp\/v2\/categories?post=986"},{"taxonomy":"post_tag","embeddable":true,"href":"https:\/\/boracultura.com.br\/index.php\/wp-json\/wp\/v2\/tags?post=986"}],"curies":[{"name":"wp","href":"https:\/\/api.w.org\/{rel}","templated":true}]}}