{"id":990,"date":"2026-01-28T20:12:44","date_gmt":"2026-01-28T23:12:44","guid":{"rendered":"https:\/\/boracultura.com.br\/?p=990"},"modified":"2026-01-28T20:12:47","modified_gmt":"2026-01-28T23:12:47","slug":"projeto-ordem-questionada-oferece-oficinas-gratuitas-de-teatro-em-salvador-neste-fim-de-semana","status":"publish","type":"post","link":"https:\/\/boracultura.com.br\/index.php\/2026\/01\/28\/projeto-ordem-questionada-oferece-oficinas-gratuitas-de-teatro-em-salvador-neste-fim-de-semana\/","title":{"rendered":"Projeto &#8220;Ordem Questionada&#8221; oferece oficinas gratuitas de Teatro em Salvador neste fim de semana"},"content":{"rendered":"\n<p>\u200bA resid\u00eancia art\u00edstica Ordem Questionada, idealizada pelo Coletivo Subverso das Artes, segue movimentando a cena cultural de Salvador. Neste fim de semana, dias 31 de janeiro e 1\u00ba de fevereiro, o projeto realiza uma nova rodada de oficinas na Casa das Hist\u00f3rias de Salvador, no Com\u00e9rcio, focando em Atua\u00e7\u00e3o, Dire\u00e7\u00e3o Teatral e Cenografia.<br><br><strong>\u200bForma\u00e7\u00e3o e Impacto Social<\/strong><br><br>\u200bVoltada prioritariamente para a forma\u00e7\u00e3o de artistas negros, a iniciativa compreende que o talento necessita de suporte t\u00e9cnico e redes de apoio para se consolidar como carreira.<br>\u200b&#8221;O processo tem sido rico. Conseguimos conhecer formas de criar e compartilhar produ\u00e7\u00f5es, apontando caminhos para tornar o fazer art\u00edstico vi\u00e1vel&#8221;, afirma Zaya Olugbala, coordenador do coletivo.<br>\u200bA residente Bet\u00e2nia Novaes, atriz e moradora do Engenho Velho da Federa\u00e7\u00e3o, destaca que o suporte da bolsa de incentivo \u00e9 um diferencial: &#8220;\u00c9 o tipo de fomento que valida nosso tempo de pesquisa, permitindo dedica\u00e7\u00e3o integral ao amadurecimento t\u00e9cnico&#8221;.<br><strong>\u200b<\/strong><br><strong>Novo Ciclo e Circula\u00e7\u00e3o<\/strong><br><br>\u200bAp\u00f3s imers\u00f5es em escrita e dire\u00e7\u00e3o musical iniciadas em novembro, o projeto entra em uma nova fase a partir de fevereiro. O curr\u00edculo ser\u00e1 expandido para os bastidores, incluindo:<br>\u200bComunica\u00e7\u00e3o Estrat\u00e9gica;<br>\u200bForma\u00e7\u00e3o de P\u00fablico;<br>\u200bGest\u00e3o Teatral.<br><br>\u200bA etapa final, batizada de &#8220;Circula e Questiona&#8221;, levar\u00e1 o resultado dessas oficinas para as comunidades. Espet\u00e1culos ser\u00e3o apresentados nos bairros de Engenho Velho da Federa\u00e7\u00e3o, Engenho Velho de Brotas, Nova Bras\u00edlia, Candeal e Santo In\u00e1cio.<br><br><strong>\u200bAgenda de Oficinas (Casa das Hist\u00f3rias de Salvador)<\/strong><br><br><strong>\u200bS\u00e1bado &#8211; 31 de Janeiro<\/strong><br>\u200bAtua\u00e7\u00e3o: 09h \u00e0s 12h (Prof\u00aa Diana Ramos).<br>\u200bDire\u00e7\u00e3o Teatral: 13h \u00e0s 16h (Prof. F\u00e1bio Vidal, com participa\u00e7\u00e3o de Maur\u00edcio Louren\u00e7o e Diana Ramos).<br><br><strong>\u200bDomingo &#8211; 01 de Fevereiro<\/strong><br>\u200bCenografia: 09h \u00e0s 11h (Prof\u00aa Clara Matos).<br><br><strong>\u200bRealiza\u00e7\u00e3o<\/strong><br>\u200bO &#8220;Ordem Questionada&#8221; \u00e9 realizado pelo Coletivo Subverso das Artes, com apoio financeiro do Governo do Estado da Bahia via Secretaria de Cultura e Pol\u00edtica Nacional Aldir Blanc (PNAB), vinculada ao Minist\u00e9rio da Cultura.<\/p>\n\n\n\n<p><\/p>\n","protected":false},"excerpt":{"rendered":"<p>\u200bA resid\u00eancia art\u00edstica Ordem Questionada, idealizada pelo Coletivo Subverso das Artes, segue movimentando a cena cultural de Salvador. Neste fim<\/p>\n","protected":false},"author":1,"featured_media":991,"comment_status":"open","ping_status":"open","sticky":false,"template":"","format":"standard","meta":{"colormag_page_container_layout":"default_layout","colormag_page_sidebar_layout":"default_layout","footnotes":""},"categories":[8,46],"tags":[],"class_list":["post-990","post","type-post","status-publish","format-standard","has-post-thumbnail","hentry","category-noticias","category-teatro"],"rttpg_featured_image_url":{"full":["https:\/\/boracultura.com.br\/wp-content\/uploads\/2026\/01\/IMG_7830-scaled.jpg",2560,1707,false],"landscape":["https:\/\/boracultura.com.br\/wp-content\/uploads\/2026\/01\/IMG_7830-scaled.jpg",2560,1707,false],"portraits":["https:\/\/boracultura.com.br\/wp-content\/uploads\/2026\/01\/IMG_7830-scaled.jpg",2560,1707,false],"thumbnail":["https:\/\/boracultura.com.br\/wp-content\/uploads\/2026\/01\/IMG_7830-150x150.jpg",150,150,true],"medium":["https:\/\/boracultura.com.br\/wp-content\/uploads\/2026\/01\/IMG_7830-300x200.jpg",300,200,true],"large":["https:\/\/boracultura.com.br\/wp-content\/uploads\/2026\/01\/IMG_7830-1024x683.jpg",800,534,true],"1536x1536":["https:\/\/boracultura.com.br\/wp-content\/uploads\/2026\/01\/IMG_7830-1536x1024.jpg",1536,1024,true],"2048x2048":["https:\/\/boracultura.com.br\/wp-content\/uploads\/2026\/01\/IMG_7830-2048x1366.jpg",2048,1366,true],"colormag-highlighted-post":["https:\/\/boracultura.com.br\/wp-content\/uploads\/2026\/01\/IMG_7830-392x272.jpg",392,272,true],"colormag-featured-post-medium":["https:\/\/boracultura.com.br\/wp-content\/uploads\/2026\/01\/IMG_7830-390x205.jpg",390,205,true],"colormag-featured-post-small":["https:\/\/boracultura.com.br\/wp-content\/uploads\/2026\/01\/IMG_7830-130x90.jpg",130,90,true],"colormag-featured-image":["https:\/\/boracultura.com.br\/wp-content\/uploads\/2026\/01\/IMG_7830-800x445.jpg",800,445,true],"colormag-default-news":["https:\/\/boracultura.com.br\/wp-content\/uploads\/2026\/01\/IMG_7830-150x150.jpg",150,150,true],"colormag-featured-image-large":["https:\/\/boracultura.com.br\/wp-content\/uploads\/2026\/01\/IMG_7830-1400x600.jpg",1400,600,true],"colormag-elementor-block-extra-large-thumbnail":["https:\/\/boracultura.com.br\/wp-content\/uploads\/2026\/01\/IMG_7830-1155x480.jpg",1155,480,true],"colormag-elementor-grid-large-thumbnail":["https:\/\/boracultura.com.br\/wp-content\/uploads\/2026\/01\/IMG_7830-600x417.jpg",600,417,true],"colormag-elementor-grid-small-thumbnail":["https:\/\/boracultura.com.br\/wp-content\/uploads\/2026\/01\/IMG_7830-285x450.jpg",285,450,true],"colormag-elementor-grid-medium-large-thumbnail":["https:\/\/boracultura.com.br\/wp-content\/uploads\/2026\/01\/IMG_7830-575x198.jpg",575,198,true],"psacp-medium":["https:\/\/boracultura.com.br\/wp-content\/uploads\/2026\/01\/IMG_7830-scaled.jpg",500,333,false]},"rttpg_author":{"display_name":"boracultura@gmail.com","author_link":"https:\/\/boracultura.com.br\/index.php\/author\/boraculturagmail-com\/"},"rttpg_comment":0,"rttpg_category":"<a href=\"https:\/\/boracultura.com.br\/index.php\/category\/noticias\/\" rel=\"category tag\">Not\u00edcias<\/a> <a href=\"https:\/\/boracultura.com.br\/index.php\/category\/noticias\/teatro\/\" rel=\"category tag\">Teatro<\/a>","rttpg_excerpt":"\u200bA resid\u00eancia art\u00edstica Ordem Questionada, idealizada pelo Coletivo Subverso das Artes, segue movimentando a cena cultural de Salvador. Neste fim","_links":{"self":[{"href":"https:\/\/boracultura.com.br\/index.php\/wp-json\/wp\/v2\/posts\/990","targetHints":{"allow":["GET"]}}],"collection":[{"href":"https:\/\/boracultura.com.br\/index.php\/wp-json\/wp\/v2\/posts"}],"about":[{"href":"https:\/\/boracultura.com.br\/index.php\/wp-json\/wp\/v2\/types\/post"}],"author":[{"embeddable":true,"href":"https:\/\/boracultura.com.br\/index.php\/wp-json\/wp\/v2\/users\/1"}],"replies":[{"embeddable":true,"href":"https:\/\/boracultura.com.br\/index.php\/wp-json\/wp\/v2\/comments?post=990"}],"version-history":[{"count":1,"href":"https:\/\/boracultura.com.br\/index.php\/wp-json\/wp\/v2\/posts\/990\/revisions"}],"predecessor-version":[{"id":992,"href":"https:\/\/boracultura.com.br\/index.php\/wp-json\/wp\/v2\/posts\/990\/revisions\/992"}],"wp:featuredmedia":[{"embeddable":true,"href":"https:\/\/boracultura.com.br\/index.php\/wp-json\/wp\/v2\/media\/991"}],"wp:attachment":[{"href":"https:\/\/boracultura.com.br\/index.php\/wp-json\/wp\/v2\/media?parent=990"}],"wp:term":[{"taxonomy":"category","embeddable":true,"href":"https:\/\/boracultura.com.br\/index.php\/wp-json\/wp\/v2\/categories?post=990"},{"taxonomy":"post_tag","embeddable":true,"href":"https:\/\/boracultura.com.br\/index.php\/wp-json\/wp\/v2\/tags?post=990"}],"curies":[{"name":"wp","href":"https:\/\/api.w.org\/{rel}","templated":true}]}}