{"id":1735,"count":1,"description":"","link":"https:\/\/boracultura.com.br\/index.php\/tag\/ocupacao-coro-comeu\/","name":"Ocupa\u00e7\u00e3o C\u00d4RO COMEU","slug":"ocupacao-coro-comeu","taxonomy":"post_tag","meta":[],"_links":{"self":[{"href":"https:\/\/boracultura.com.br\/index.php\/wp-json\/wp\/v2\/tags\/1735","targetHints":{"allow":["GET"]}}],"collection":[{"href":"https:\/\/boracultura.com.br\/index.php\/wp-json\/wp\/v2\/tags"}],"about":[{"href":"https:\/\/boracultura.com.br\/index.php\/wp-json\/wp\/v2\/taxonomies\/post_tag"}],"wp:post_type":[{"href":"https:\/\/boracultura.com.br\/index.php\/wp-json\/wp\/v2\/posts?tags=1735"},{"href":"https:\/\/boracultura.com.br\/index.php\/wp-json\/wp\/v2\/tribe_events?tags=1735"},{"href":"https:\/\/boracultura.com.br\/index.php\/wp-json\/wp\/v2\/tec_calendar_embed?tags=1735"}],"curies":[{"name":"wp","href":"https:\/\/api.w.org\/{rel}","templated":true}]}}